{"id":2969,"date":"2019-05-29T11:00:02","date_gmt":"2019-05-29T11:00:02","guid":{"rendered":"https:\/\/tourmagazinepublicidad.com\/?p=2969"},"modified":"2019-05-29T11:00:02","modified_gmt":"2019-05-29T11:00:02","slug":"sierra-cebollera-paraiso-de-senderistas","status":"publish","type":"post","link":"https:\/\/tourmagazinepublicidad.com\/es\/sierra-cebollera-paraiso-de-senderistas\/","title":{"rendered":"Sierra Cebollera, para\u00edso de senderistas"},"content":{"rendered":"<p>El <strong>Parque Natural de Sierra Cebollera<\/strong> cuenta con siete senderos se\u00f1alizados, que suman m\u00e1s de 80 Km. Al inicio de cada itinerario un panel met\u00e1lico nos muestra sobre un mapa el recorrido que seguiremos, as\u00ed como su desnivel, tipo de vegetaci\u00f3n, historia y puntos de inter\u00e9s. Naturaleza e historia se complementan en el entorno. Solo restan un buen par de zapatillas. Y disfrutar.<\/p>\n<p>La antigua v\u00eda romana que un\u00eda las ciudades de Varea y Numancia hace dos milenios atraviesa el parque natural, pasando por las localidades de Villoslada, Lumbreras y San Andr\u00e9s, y por la Venta de Piqueras, hasta el puerto del mismo nombre. Esta ruta coincide, en el territorio del Parque Natural, con el itinerario N\u00ba 6 de la Red B\u00e1sica de Senderos. Existe una publicaci\u00f3n espec\u00edfica sobre la V\u00eda Romana, con mapas y explicaciones de cada una de las siete etapas en las que est\u00e1 dividida la ruta. Mientras, el <strong>sendero autoguiado de Villoslada de Cameros<\/strong> recorre el casco urbano de la localidad de Villoslada de Cameros. En una hora de camino pueden conocerse el pasado trashumante de la localidad y el legado de los indianos. El <strong>sendero autoguiado por Lumbreras<\/strong> recorre el casco urbano de la citada localidad. Propone un paseo de poco m\u00e1s de 2 kil\u00f3metros con una duraci\u00f3n de 90 minutos en el que el visitante podr\u00e1 conocer m\u00e1s a fondo la naturaleza, el pasado, y la etnograf\u00eda de esta localidad integrada en pleno parque natural.<\/p>\n<p><img class=\"alignnone wp-image-2858\" src=\"https:\/\/tourmagazinepublicidad.com\/wp-content\/uploads\/2019\/04\/Arboles-Cebollera.jpg\" alt=\"\" width=\"1320\" height=\"879\" srcset=\"https:\/\/tourmagazinepublicidad.com\/wp-content\/uploads\/2019\/04\/Arboles-Cebollera.jpg 1620w, https:\/\/tourmagazinepublicidad.com\/wp-content\/uploads\/2019\/04\/Arboles-Cebollera-300x200.jpg 300w, https:\/\/tourmagazinepublicidad.com\/wp-content\/uploads\/2019\/04\/Arboles-Cebollera-768x512.jpg 768w, https:\/\/tourmagazinepublicidad.com\/wp-content\/uploads\/2019\/04\/Arboles-Cebollera-1024x683.jpg 1024w\" sizes=\"(max-width: 1320px) 100vw, 1320px\" \/><\/p>\n<p>&nbsp;<\/p>\n<p>Por su parte, el <strong>sendero autoguiado por el entorno del \u00e1rea recreativa de la Blanca<\/strong>, en pleno Parque Natural Sierra de Cebollera y de un kil\u00f3metro de longitud, discurre por un tramo del r\u00edo Iregua. Atraviesa diferentes ambientes de este espacio natural protegido. El sendero no entra\u00f1a dificultad alguna y el visitante se adentra en una zonas donde predomina el pinar, aunque esta especie comparta espacio con hayas, acebos o tejos.<\/p>\n<p><strong>Las Majadas<\/strong>, ruta de los pastores, sendero autoguiado por el entorno de la Venta de Piqueras, en pleno el Parque Natural Sierra de Cebollera. La senda, de poco m\u00e1s de un kil\u00f3metro, se interna por un bosques de hayas en direcci\u00f3n al r\u00edo Piqueras y permite ver restos de la <strong>actividad trashumante <\/strong>en una majada rehabilitada. A lo largo de este sendero, los caminantes descubren el cambio de paisaje, donde hoy hay bosques, en otro tiempo reinaron pastos y reba\u00f1os. El paseo transcurre por estradas y parajes que recorrieron durante siglos los pastores en su viaje hacia el sur con miles de cabezas de ganado ovino. Un viaje que, en ocasiones, llevaba hasta Extremadura e incluso, hasta Andaluc\u00eda. Y, despu\u00e9s, regresaban.<\/p>\n<p>&nbsp;<\/p>\n<p><img class=\"alignnone wp-image-2861\" src=\"https:\/\/tourmagazinepublicidad.com\/wp-content\/uploads\/2019\/04\/Paisaje-oton\u0303al-Parque-Natural-Sierra-de-Cebollera.jpg\" alt=\"\" width=\"1330\" height=\"692\" srcset=\"https:\/\/tourmagazinepublicidad.com\/wp-content\/uploads\/2019\/04\/Paisaje-oton\u0303al-Parque-Natural-Sierra-de-Cebollera.jpg 5906w, https:\/\/tourmagazinepublicidad.com\/wp-content\/uploads\/2019\/04\/Paisaje-oton\u0303al-Parque-Natural-Sierra-de-Cebollera-300x156.jpg 300w, https:\/\/tourmagazinepublicidad.com\/wp-content\/uploads\/2019\/04\/Paisaje-oton\u0303al-Parque-Natural-Sierra-de-Cebollera-768x399.jpg 768w, https:\/\/tourmagazinepublicidad.com\/wp-content\/uploads\/2019\/04\/Paisaje-oton\u0303al-Parque-Natural-Sierra-de-Cebollera-1024x533.jpg 1024w\" sizes=\"(max-width: 1330px) 100vw, 1330px\" \/><\/p>\n<p>M\u00e1s informaci\u00f3n: www.larioja.org\/medio-ambiente\/es\/publicaciones\/guias-senderismo-mapas<\/p>\n","protected":false},"excerpt":{"rendered":"<p>El Parque Natural de Sierra Cebollera cuenta con siete senderos se\u00f1alizados, que suman m\u00e1s de 80 Km. Al inicio de&#8230;<\/p>\n","protected":false},"author":2,"featured_media":2861,"comment_status":"open","ping_status":"open","sticky":false,"template":"","format":"standard","meta":[],"categories":[1],"tags":[96,102,117,134,217],"_links":{"self":[{"href":"https:\/\/tourmagazinepublicidad.com\/es\/wp-json\/wp\/v2\/posts\/2969"}],"collection":[{"href":"https:\/\/tourmagazinepublicidad.com\/es\/wp-json\/wp\/v2\/posts"}],"about":[{"href":"https:\/\/tourmagazinepublicidad.com\/es\/wp-json\/wp\/v2\/types\/post"}],"author":[{"embeddable":true,"href":"https:\/\/tourmagazinepublicidad.com\/es\/wp-json\/wp\/v2\/users\/2"}],"replies":[{"embeddable":true,"href":"https:\/\/tourmagazinepublicidad.com\/es\/wp-json\/wp\/v2\/comments?post=2969"}],"version-history":[{"count":2,"href":"https:\/\/tourmagazinepublicidad.com\/es\/wp-json\/wp\/v2\/posts\/2969\/revisions"}],"predecessor-version":[{"id":2971,"href":"https:\/\/tourmagazinepublicidad.com\/es\/wp-json\/wp\/v2\/posts\/2969\/revisions\/2971"}],"wp:featuredmedia":[{"embeddable":true,"href":"https:\/\/tourmagazinepublicidad.com\/es\/wp-json\/wp\/v2\/media\/2861"}],"wp:attachment":[{"href":"https:\/\/tourmagazinepublicidad.com\/es\/wp-json\/wp\/v2\/media?parent=2969"}],"wp:term":[{"taxonomy":"category","embeddable":true,"href":"https:\/\/tourmagazinepublicidad.com\/es\/wp-json\/wp\/v2\/categories?post=2969"},{"taxonomy":"post_tag","embeddable":true,"href":"https:\/\/tourmagazinepublicidad.com\/es\/wp-json\/wp\/v2\/tags?post=2969"}],"curies":[{"name":"wp","href":"https:\/\/api.w.org\/{rel}","templated":true}]}}