{"id":3175,"date":"2019-07-23T07:55:33","date_gmt":"2019-07-23T07:55:33","guid":{"rendered":"https:\/\/tourmagazinepublicidad.com\/?p=3175"},"modified":"2019-07-23T07:55:33","modified_gmt":"2019-07-23T07:55:33","slug":"una-parada-obligada-en-el-camino","status":"publish","type":"post","link":"https:\/\/tourmagazinepublicidad.com\/es\/una-parada-obligada-en-el-camino\/","title":{"rendered":"Una parada obligada en el Camino"},"content":{"rendered":"<blockquote><p>Santo Domingo de la Calzada, ciudad riojana nacida por y para el peregrinaje, celebra en 2019 el A\u00f1o Jubilar Calceatense en honor a su santo fundador<\/p><\/blockquote>\n<p>&nbsp;<\/p>\n<p>El Camino de Santiago entra en La Rioja por Logro\u00f1o y discurre por Navarrete, N\u00e1jera y Azofra antes de alcanzar Santo Domingo de la Calzada, parada obligada para cualquier peregrino. La capital de leyendas populares, aqu\u00ed es donde cant\u00f3 la gallina despu\u00e9s de asada, ha crecido entre monumentos hist\u00f3ricos y el legado de su santo fundador. Mil a\u00f1os despu\u00e9s de su nacimiento, en pleno A\u00f1o Jubilar Calceatense, el peregrinaje domina el horizonte.<\/p>\n<p>La Calle Mayor prolonga el Camino de Santiago por el centro de la localidad. Es un desfile de heraldos e inscripciones que presentan casas de cuna ilustre: Trast\u00e1mara, Antiguas Carnicer\u00edas, Cofrad\u00eda del Santo, Lorenzo de Tejada, Alcalde Mart\u00ednez de Pis\u00f3n, Ocio&#8230; El esplendor de anta\u00f1o aparece concentrado en un paseo evocador.<\/p>\n<p>La Plaza de Espa\u00f1a es el coraz\u00f3n urbano de Santo Domingo y el escenario estival donde representan cada a\u00f1o el espect\u00e1culo &#8216;Los milagros del santo&#8217; con m\u00e1s de un centenar de actores implicados. A su alrededor se re\u00fanen el Ayuntamiento, aposentado sobre los soportales y junto a la muralla mejor conservada de La Rioja; el edificio del Corregimiento, que conserva en su interior una de las pocas c\u00e1rceles espa\u00f1olas del siglo XVIII y que es visitable; y la solemne Catedral de Santo Domingo, que en realidad mira a la vecina Plaza del Santo.<\/p>\n<p>&nbsp;<\/p>\n<figure id=\"attachment_3097\" aria-describedby=\"caption-attachment-3097\" style=\"width: 2598px\" class=\"wp-caption alignnone\"><img class=\"wp-image-3097 size-full\" src=\"https:\/\/tourmagazinepublicidad.com\/wp-content\/uploads\/2019\/07\/Convento-de-San-Francisco.-Santo-Domingo-de-la-Calzada.-Rafael-Lafuente.jpg\" alt=\"\" width=\"2598\" height=\"1732\" srcset=\"https:\/\/tourmagazinepublicidad.com\/wp-content\/uploads\/2019\/07\/Convento-de-San-Francisco.-Santo-Domingo-de-la-Calzada.-Rafael-Lafuente.jpg 2598w, https:\/\/tourmagazinepublicidad.com\/wp-content\/uploads\/2019\/07\/Convento-de-San-Francisco.-Santo-Domingo-de-la-Calzada.-Rafael-Lafuente-300x200.jpg 300w, https:\/\/tourmagazinepublicidad.com\/wp-content\/uploads\/2019\/07\/Convento-de-San-Francisco.-Santo-Domingo-de-la-Calzada.-Rafael-Lafuente-768x512.jpg 768w, https:\/\/tourmagazinepublicidad.com\/wp-content\/uploads\/2019\/07\/Convento-de-San-Francisco.-Santo-Domingo-de-la-Calzada.-Rafael-Lafuente-1024x683.jpg 1024w\" sizes=\"(max-width: 2598px) 100vw, 2598px\" \/><figcaption id=\"caption-attachment-3097\" class=\"wp-caption-text\">Convento de San Francisco. Santo Domingo de la Calzada. Rafael Lafuente<\/figcaption><\/figure>\n<p>&nbsp;<\/p>\n<p><strong>La Catedral <\/strong><\/p>\n<p>El templo es una de las joyas m\u00e1s preciadas del patrimonio religioso de La Rioja. Cuenta con vestigios rom\u00e1nicos, g\u00f3ticos e incluso barrocos. En pleno A\u00f1o Jubilar, esta iglesia que fue iniciada en el siglo XII presenta un acceso excepcional de madera y bronce, conocido como Puerta del Perd\u00f3n, junto a su entrada principal; una nueva vidriera; y la cripta del santo rejuvenecida, una vez restaurados tanto el arca como los mosaicos. Todas estas nuevas aportaciones son del artista esloveno Marko Ivan Rupnik, firma de prestigio internacional.<\/p>\n<p>La Catedral es un cofre con incontables tesoros. Hay muchos m\u00e1s. El retablo mayor, de Dami\u00e1n Forment, por ejemplo, se precia como m\u00e1ximo exponente de la escultura renacentista espa\u00f1ola. Otra maravilla, el gallinero g\u00f3tico, concentra arte y simbolismo. Dentro, conviven un gallo y una gallina en memoria del c\u00e9lebre milagro que propag\u00f3 el nombre de Santo Domingo de la Calzada entre peregrinos de todo el mundo.<\/p>\n<p>En la misma Plaza del Santo, la antigua Casa del Campanero, se reencarna en museo de campanas y relojes. Adem\u00e1s de numerosas piezas antiguas y material documental de gran inter\u00e9s, el edificio cuenta con una fragua y un horno reverbero para la fundici\u00f3n de campanas. A unos metros, la Ermita de Nuestra Se\u00f1ora de La Plaza honra a la patrona de la ciudad y recuerda a su fundador. Seg\u00fan la tradici\u00f3n, fue edificada sobre el antiguo oratorio construido por Santo Domingo.<\/p>\n<figure id=\"attachment_3106\" aria-describedby=\"caption-attachment-3106\" style=\"width: 2953px\" class=\"wp-caption alignnone\"><img class=\"wp-image-3106 size-full\" src=\"https:\/\/tourmagazinepublicidad.com\/wp-content\/uploads\/2019\/07\/SANTO-DOMINGO-DE-LA-CALZADA-2-Catedral-de-Santo-Domingo-de-la-Calzada-peq.jpg\" alt=\"\" width=\"2953\" height=\"2303\" srcset=\"https:\/\/tourmagazinepublicidad.com\/wp-content\/uploads\/2019\/07\/SANTO-DOMINGO-DE-LA-CALZADA-2-Catedral-de-Santo-Domingo-de-la-Calzada-peq.jpg 2953w, https:\/\/tourmagazinepublicidad.com\/wp-content\/uploads\/2019\/07\/SANTO-DOMINGO-DE-LA-CALZADA-2-Catedral-de-Santo-Domingo-de-la-Calzada-peq-300x234.jpg 300w, https:\/\/tourmagazinepublicidad.com\/wp-content\/uploads\/2019\/07\/SANTO-DOMINGO-DE-LA-CALZADA-2-Catedral-de-Santo-Domingo-de-la-Calzada-peq-768x599.jpg 768w, https:\/\/tourmagazinepublicidad.com\/wp-content\/uploads\/2019\/07\/SANTO-DOMINGO-DE-LA-CALZADA-2-Catedral-de-Santo-Domingo-de-la-Calzada-peq-1024x799.jpg 1024w\" sizes=\"(max-width: 2953px) 100vw, 2953px\" \/><figcaption id=\"caption-attachment-3106\" class=\"wp-caption-text\">Catedral de Santo Domingo de la Calzada<\/figcaption><\/figure>\n<p>&nbsp;<\/p>\n<p><strong>Cobijo de peregrinos<\/strong><\/p>\n<p>Unos cuantos pasos m\u00e1s hacen camino por esta ciudad de bienvenidas que, al principio de todo, fue hospital y cobijo. Saluda el Convento de San Francisco, que data del siglo XVI, de estilo herreriano, con encanto renacentista y alto valor art\u00edstico. A su lado, el Monumento al Peregrino, obra del escultor riojano Vicente Ochoa, apela a la identidad, a la cultura, a una herencia consagrada en nuestros d\u00edas.<\/p>\n<p>En Santo Domingo de la Calzada todos los visitantes se sienten peregrinos y part\u00edcipes de ritos y leyendas. La historia y el patrimonio forman un todo \u00fanico e indisoluble como embri\u00f3n de esta ciudad riojana que tambi\u00e9n presume de hospedaje, gracias a sus dos paradores nacionales, hoteles, camping; luce gastronom\u00eda y vinos excelentes; y goza de un entorno sorprendente, a trav\u00e9s de \u2018Rioja Natura\u2019 descubre la fauna y flora aut\u00f3ctonas. Con motivo del A\u00f1o Jubilar, adem\u00e1s, la agenda rebosa eventos: exposiciones, conciertos, conferencias, etc.<\/p>\n<figure id=\"attachment_3103\" aria-describedby=\"caption-attachment-3103\" style=\"width: 3000px\" class=\"wp-caption alignnone\"><img class=\"wp-image-3103 size-full\" src=\"https:\/\/tourmagazinepublicidad.com\/wp-content\/uploads\/2019\/07\/Vidriera-Catedral-Santo-Domingo.jpg\" alt=\"\" width=\"3000\" height=\"2000\" srcset=\"https:\/\/tourmagazinepublicidad.com\/wp-content\/uploads\/2019\/07\/Vidriera-Catedral-Santo-Domingo.jpg 3000w, https:\/\/tourmagazinepublicidad.com\/wp-content\/uploads\/2019\/07\/Vidriera-Catedral-Santo-Domingo-300x200.jpg 300w, https:\/\/tourmagazinepublicidad.com\/wp-content\/uploads\/2019\/07\/Vidriera-Catedral-Santo-Domingo-768x512.jpg 768w, https:\/\/tourmagazinepublicidad.com\/wp-content\/uploads\/2019\/07\/Vidriera-Catedral-Santo-Domingo-1024x683.jpg 1024w\" sizes=\"(max-width: 3000px) 100vw, 3000px\" \/><figcaption id=\"caption-attachment-3103\" class=\"wp-caption-text\">Vidriera Catedral Santo Domingo. Raquel Manzanares<\/figcaption><\/figure>\n<p>&nbsp;<\/p>\n<p><strong>A\u00d1O JUBILAR CALCEATENSE<\/strong><\/p>\n<ul>\n<li><strong>D\u00f3nde<\/strong>: Santo Domingo de la Calzada<\/li>\n<li><strong>Cu\u00e1ndo<\/strong>: 25 abril 2019-12 enero 2020<\/li>\n<li><strong>M\u00e1s informaci\u00f3n<\/strong>: <a href=\"http:\/\/www.lariojaturismo.com\/\">www<\/a><a href=\"http:\/\/www.lariojaturismo.com\/\">.<\/a><a href=\"http:\/\/www.lariojaturismo.com\/\">lariojaturismo<\/a><a href=\"http:\/\/www.lariojaturismo.com\/\">.<\/a><a href=\"http:\/\/www.lariojaturismo.com\/\">com<\/a> \/ <a href=\"http:\/\/www.catedralsantodomingo.com\/\">www<\/a><a href=\"http:\/\/www.catedralsantodomingo.com\/\">.<\/a><a href=\"http:\/\/www.catedralsantodomingo.com\/\">catedralsantodomingo<\/a><a href=\"http:\/\/www.catedralsantodomingo.com\/\">.<\/a><a href=\"http:\/\/www.catedralsantodomingo.com\/\">com<\/a><\/li>\n<\/ul>\n","protected":false},"excerpt":{"rendered":"<p>Santo Domingo de la Calzada, ciudad riojana nacida por y para el peregrinaje, celebra en 2019 el A\u00f1o Jubilar Calceatense&#8230;<\/p>\n","protected":false},"author":2,"featured_media":3097,"comment_status":"open","ping_status":"open","sticky":false,"template":"","format":"standard","meta":[],"categories":[1],"tags":[102,134,136],"_links":{"self":[{"href":"https:\/\/tourmagazinepublicidad.com\/es\/wp-json\/wp\/v2\/posts\/3175"}],"collection":[{"href":"https:\/\/tourmagazinepublicidad.com\/es\/wp-json\/wp\/v2\/posts"}],"about":[{"href":"https:\/\/tourmagazinepublicidad.com\/es\/wp-json\/wp\/v2\/types\/post"}],"author":[{"embeddable":true,"href":"https:\/\/tourmagazinepublicidad.com\/es\/wp-json\/wp\/v2\/users\/2"}],"replies":[{"embeddable":true,"href":"https:\/\/tourmagazinepublicidad.com\/es\/wp-json\/wp\/v2\/comments?post=3175"}],"version-history":[{"count":1,"href":"https:\/\/tourmagazinepublicidad.com\/es\/wp-json\/wp\/v2\/posts\/3175\/revisions"}],"predecessor-version":[{"id":3176,"href":"https:\/\/tourmagazinepublicidad.com\/es\/wp-json\/wp\/v2\/posts\/3175\/revisions\/3176"}],"wp:featuredmedia":[{"embeddable":true,"href":"https:\/\/tourmagazinepublicidad.com\/es\/wp-json\/wp\/v2\/media\/3097"}],"wp:attachment":[{"href":"https:\/\/tourmagazinepublicidad.com\/es\/wp-json\/wp\/v2\/media?parent=3175"}],"wp:term":[{"taxonomy":"category","embeddable":true,"href":"https:\/\/tourmagazinepublicidad.com\/es\/wp-json\/wp\/v2\/categories?post=3175"},{"taxonomy":"post_tag","embeddable":true,"href":"https:\/\/tourmagazinepublicidad.com\/es\/wp-json\/wp\/v2\/tags?post=3175"}],"curies":[{"name":"wp","href":"https:\/\/api.w.org\/{rel}","templated":true}]}}