{"id":3392,"date":"2019-11-06T08:50:58","date_gmt":"2019-11-06T08:50:58","guid":{"rendered":"https:\/\/tourmagazinepublicidad.com\/?p=3392"},"modified":"2019-11-06T08:50:58","modified_gmt":"2019-11-06T08:50:58","slug":"enkarterri-el-corazon-verde-de-bizkaia","status":"publish","type":"post","link":"https:\/\/tourmagazinepublicidad.com\/es\/enkarterri-el-corazon-verde-de-bizkaia\/","title":{"rendered":"Enkarterri, el coraz\u00f3n verde de Bizkaia"},"content":{"rendered":"<p>Se trata de una de las comarcas m\u00e1s extensas de Bizkaia. Se extiende al oeste de Bilbao, articulada por los valles del Cadagua y el Carranza, perpendiculares entre si. Mientras que el del Cadagua es un entorno industrial y minero, con poblaciones de mediano tama\u00f1o, el del Carranza mantiene prader\u00edas y bosques, aldeas diseminadas por la monta\u00f1a y un poderoso marco natural que limita con Burgos, Cantabria y \u00c1lava.<\/p>\n<p>&nbsp;<\/p>\n<p>En pocos lugares la naturaleza se manifiesta con tanto esplendor como en Enkarterri. Entre las cumbres y los bosques de la comarca se extiende una mara\u00f1a infinita de caminos y m\u00e1s de doscientas grutas, como la cueva de Pozalagua, que esconde la mayor concentraci\u00f3n del mundo de estalactitas exc\u00e9ntricas, unas formaciones de apenas un mil\u00edmetro de grosor que parecen desafiar las leyes de la gravedad entrelaz\u00e1ndose a capricho. S\u00f3lo en Australia se da un fen\u00f3meno de semejante magnitud.<\/p>\n<p>La cueva se encuentra en pleno Parque Natural de Arma\u00f1\u00f3n, entre los macizos k\u00e1rsticos que esculpen el escarpado relieve de Enkarterri. La comarca est\u00e1 jalonada de cimas m\u00edticas como las del Zalama, el Ganekogorta o el Kolitza. Las cuevas, grutas y torcas de la zona son conocidas por personas aficionadas a la espeleolog\u00eda en todo el mundo.<\/p>\n<figure id=\"attachment_3341\" aria-describedby=\"caption-attachment-3341\" style=\"width: 1400px\" class=\"wp-caption alignnone\"><img class=\"wp-image-3341 size-full\" src=\"https:\/\/tourmagazinepublicidad.com\/wp-content\/uploads\/2019\/10\/Monte-Kolitza-y-ermita-de-San-Roque-Balmaseda.jpg\" alt=\"\" width=\"1400\" height=\"934\" srcset=\"https:\/\/tourmagazinepublicidad.com\/wp-content\/uploads\/2019\/10\/Monte-Kolitza-y-ermita-de-San-Roque-Balmaseda.jpg 1400w, https:\/\/tourmagazinepublicidad.com\/wp-content\/uploads\/2019\/10\/Monte-Kolitza-y-ermita-de-San-Roque-Balmaseda-300x200.jpg 300w, https:\/\/tourmagazinepublicidad.com\/wp-content\/uploads\/2019\/10\/Monte-Kolitza-y-ermita-de-San-Roque-Balmaseda-768x512.jpg 768w, https:\/\/tourmagazinepublicidad.com\/wp-content\/uploads\/2019\/10\/Monte-Kolitza-y-ermita-de-San-Roque-Balmaseda-1024x683.jpg 1024w\" sizes=\"(max-width: 1400px) 100vw, 1400px\" \/><figcaption id=\"caption-attachment-3341\" class=\"wp-caption-text\">Monte Kolitza y ermita de San Roque (Balmaseda)<\/figcaption><\/figure>\n<p>En el punto m\u00e1s occidental de la comarca y el territorio se encuentra Lanestosa, una villa singular, situada en la llanura h\u00fameda y boscosa que limita con la cordillera que da paso a la meseta. La antigua trama urbana se articula en torno al camino y el arroyo que baja del farall\u00f3n. El tiempo parece haberse detenido entre sus callejuelas empedradas, las casonas populares con balcones corridos, el puente medieval o los antiguos hornos caleros.<\/p>\n<p>Muchos m\u00e1s cerca de Bilbao se halla la mayor colecci\u00f3n privada de Rolls- Royce, dentro de una fortaleza reconstruida; la \u00faltima ferrer\u00eda del siglo XV, a\u00fan en funcionamiento; y decenas de palacios de los indianos que hicieron fortuna en Am\u00e9rica y regresaron con el deseo de construirse una hacienda.<\/p>\n<p>Conviene informarse sobre V\u00eda Verde de los Montes de Hierro, la m\u00e1s extensa de Bizkaia, que aprovecha un tramo de la v\u00eda del ferrocarril que transportaba el mineral hasta el cargadero mar\u00edtimo de Itsaslur.\u00a0 El paseo mar\u00edtimo sortea los acantilados del Cant\u00e1brico y ofrece unas vistas inigualables de la playa de La Arena, que se expande entre Muskiz y Zierbena a lo largo de m\u00e1s de un kil\u00f3metro.<\/p>\n<p>Del mar hasta la monta\u00f1a; del Cadagua hasta donde el Carranza vierte al As\u00f3n; desde las entra\u00f1as de las grutas k\u00e1rsticas hasta las cumbres de las monta\u00f1as, Enkarterri resulta sorprendente.<\/p>\n<p>&nbsp;<\/p>\n<p><strong>Balmaseda, la villa del puente<\/strong><\/p>\n<p>Cuando en 1199 Don Lope S\u00e1nchez de Mena, Se\u00f1or de Bortedo, otorg\u00f3 fuero a Balmaseda, estaba privilegiando una encrucijada de caminos entre Santander, Burgos y \u00c1lava muy concurrida desde tiempos antiqu\u00edsimos por comerciantes y mercaderes.<\/p>\n<p>El coqueto Puente Viejo o de la Muza, que atraviesa el Cadagua, imagen por excelencia de Balmaseda, construido en el siglo XIII y era paso obligado del antiguo camino de Castilla.<\/p>\n<figure id=\"attachment_3338\" aria-describedby=\"caption-attachment-3338\" style=\"width: 1401px\" class=\"wp-caption alignnone\"><img class=\"wp-image-3338\" src=\"https:\/\/tourmagazinepublicidad.com\/wp-content\/uploads\/2019\/10\/Puente-Viejo-Balmaseda.jpg\" alt=\"\" width=\"1401\" height=\"931\" srcset=\"https:\/\/tourmagazinepublicidad.com\/wp-content\/uploads\/2019\/10\/Puente-Viejo-Balmaseda.jpg 3000w, https:\/\/tourmagazinepublicidad.com\/wp-content\/uploads\/2019\/10\/Puente-Viejo-Balmaseda-300x199.jpg 300w, https:\/\/tourmagazinepublicidad.com\/wp-content\/uploads\/2019\/10\/Puente-Viejo-Balmaseda-768x510.jpg 768w, https:\/\/tourmagazinepublicidad.com\/wp-content\/uploads\/2019\/10\/Puente-Viejo-Balmaseda-1024x680.jpg 1024w\" sizes=\"(max-width: 1401px) 100vw, 1401px\" \/><figcaption id=\"caption-attachment-3338\" class=\"wp-caption-text\">Puente Viejo (Balmaseda)<\/figcaption><\/figure>\n<p>Al otro lado del puente se halla San Lorenzo, el que fuera barrio jud\u00edo de Balmaseda.<\/p>\n<p>El Conjunto Monumental de Santa Clara<a href=\"https:\/\/www.visitenkarterri.com\/visitar\/patrimonio-cultural\/convento-de-santa-clara.html\">,<\/a> desocupado por las religiosas desde el a\u00f1o 1985, alberga el Hotel San Roque. La iglesia de Santa Clara, adosada al convento, acoge el Centro de Interpretaci\u00f3n de la Pasi\u00f3n Viviente de Balmaseda,uno de los eventos multitudinarios que se organizan en la villa y referente absoluto del entorno.<\/p>\n<p>Un poco m\u00e1s adelante, a la izquierda, se alza el palacio de Horcasitas. Construido en el siglo XVII, alberg\u00f3 la antigua Aduana Real de la villa hasta su supresi\u00f3n en 1841. Calle abajo se abre la plaza de San Severino, principal de la villa, donde destaca la iglesia de San Severino, de estilo g\u00f3tico y que data de finales del siglo XIV.<\/p>\n<p>A las afueras del casco urbano, y junto al cauce del r\u00edo, se levanta El Museo Boinas La Encartada, antigua f\u00e1brica especializada en la tradicional txapela vasca. Abri\u00f3 sus puertas en 1892 y permaneci\u00f3 en funcionamiento durante un siglo.<\/p>\n<p>&nbsp;<\/p>\n","protected":false},"excerpt":{"rendered":"<p>Se trata de una de las comarcas m\u00e1s extensas de Bizkaia. Se extiende al oeste de Bilbao, articulada por los&#8230;<\/p>\n","protected":false},"author":2,"featured_media":3338,"comment_status":"closed","ping_status":"open","sticky":false,"template":"","format":"standard","meta":[],"categories":[1],"tags":[102,117,186,253,254],"_links":{"self":[{"href":"https:\/\/tourmagazinepublicidad.com\/es\/wp-json\/wp\/v2\/posts\/3392"}],"collection":[{"href":"https:\/\/tourmagazinepublicidad.com\/es\/wp-json\/wp\/v2\/posts"}],"about":[{"href":"https:\/\/tourmagazinepublicidad.com\/es\/wp-json\/wp\/v2\/types\/post"}],"author":[{"embeddable":true,"href":"https:\/\/tourmagazinepublicidad.com\/es\/wp-json\/wp\/v2\/users\/2"}],"replies":[{"embeddable":true,"href":"https:\/\/tourmagazinepublicidad.com\/es\/wp-json\/wp\/v2\/comments?post=3392"}],"version-history":[{"count":5,"href":"https:\/\/tourmagazinepublicidad.com\/es\/wp-json\/wp\/v2\/posts\/3392\/revisions"}],"predecessor-version":[{"id":3398,"href":"https:\/\/tourmagazinepublicidad.com\/es\/wp-json\/wp\/v2\/posts\/3392\/revisions\/3398"}],"wp:featuredmedia":[{"embeddable":true,"href":"https:\/\/tourmagazinepublicidad.com\/es\/wp-json\/wp\/v2\/media\/3338"}],"wp:attachment":[{"href":"https:\/\/tourmagazinepublicidad.com\/es\/wp-json\/wp\/v2\/media?parent=3392"}],"wp:term":[{"taxonomy":"category","embeddable":true,"href":"https:\/\/tourmagazinepublicidad.com\/es\/wp-json\/wp\/v2\/categories?post=3392"},{"taxonomy":"post_tag","embeddable":true,"href":"https:\/\/tourmagazinepublicidad.com\/es\/wp-json\/wp\/v2\/tags?post=3392"}],"curies":[{"name":"wp","href":"https:\/\/api.w.org\/{rel}","templated":true}]}}