{"id":3402,"date":"2019-11-13T11:15:08","date_gmt":"2019-11-13T11:15:08","guid":{"rendered":"https:\/\/tourmagazinepublicidad.com\/?p=3402"},"modified":"2019-11-14T08:38:16","modified_gmt":"2019-11-14T08:38:16","slug":"la-rioja-invita-a-la-fotografia","status":"publish","type":"post","link":"https:\/\/tourmagazinepublicidad.com\/es\/la-rioja-invita-a-la-fotografia\/","title":{"rendered":"La Rioja, invita a la fotograf\u00eda"},"content":{"rendered":"<p>La naturaleza de La Rioja esconde paisajes de gran belleza que atraen en cualquier momento del a\u00f1o a numerosos aficionados a la fotograf\u00eda. Tambi\u00e9n est\u00e1 llena de lugares con encanto por descubrir: rincones m\u00e1s solitarios pero igualmente fascinantes.<\/p>\n<p>El Concurso de Fotograf\u00eda \u2018Medio Ambiente de La Rioja\u2019 lleva m\u00e1s de una d\u00e9cada convocando a las amantes de este arte a detener su mirada en la naturaleza del territorio. Los resultados, como se puede comprobar, son espectaculares. Despu\u00e9s de diez a\u00f1os seleccionando un aspecto concreto del medio natural riojano para fotografiarlo, el XIII Concurso de Fotograf\u00eda \u2018Medio ambiente de La Rioja\u2019 propone a los participantes que aporten su particular mirada del patrimonio natural de la regi\u00f3n, pudiendo presentar al certamen cualquier fotograf\u00eda que represente alg\u00fan elemento de la naturaleza de La Rioja.<\/p>\n<p>Organizado por la Consejer\u00eda de Agricultura, Ganader\u00eda y Medio Ambiente, con la colaboraci\u00f3n de la Agrupaci\u00f3n Fotogr\u00e1fica de La Rioja, el concurso busca im\u00e1genes de paisajes de monta\u00f1a, forestales, de entornos fluviales o formaciones geol\u00f3gicas singulares.<\/p>\n<figure id=\"attachment_3323\" aria-describedby=\"caption-attachment-3323\" style=\"width: 3000px\" class=\"wp-caption aligncenter\"><img class=\"wp-image-3323 size-full\" src=\"https:\/\/tourmagazinepublicidad.com\/wp-content\/uploads\/2019\/10\/03_TERCER-PREMIO_NIEBLA-EN-EL-HAYEDO_CarlosBrionesBioslada.jpg\" alt=\"\" width=\"3000\" height=\"2087\" srcset=\"https:\/\/tourmagazinepublicidad.com\/wp-content\/uploads\/2019\/10\/03_TERCER-PREMIO_NIEBLA-EN-EL-HAYEDO_CarlosBrionesBioslada.jpg 3000w, https:\/\/tourmagazinepublicidad.com\/wp-content\/uploads\/2019\/10\/03_TERCER-PREMIO_NIEBLA-EN-EL-HAYEDO_CarlosBrionesBioslada-300x209.jpg 300w, https:\/\/tourmagazinepublicidad.com\/wp-content\/uploads\/2019\/10\/03_TERCER-PREMIO_NIEBLA-EN-EL-HAYEDO_CarlosBrionesBioslada-768x534.jpg 768w, https:\/\/tourmagazinepublicidad.com\/wp-content\/uploads\/2019\/10\/03_TERCER-PREMIO_NIEBLA-EN-EL-HAYEDO_CarlosBrionesBioslada-1024x712.jpg 1024w\" sizes=\"(max-width: 3000px) 100vw, 3000px\" \/><figcaption id=\"caption-attachment-3323\" class=\"wp-caption-text\">Niebla en el Hayedo. Carlos Briones Bioslada<\/figcaption><\/figure>\n<p>No admite im\u00e1genes de paisajes urbanos o agrarios, siempre que estos sean el elemento \u00fanico o principal de la fotograf\u00eda y no un acompa\u00f1amiento o complemento a la imagen de un elemento natural. Tambi\u00e9n pueden concursar im\u00e1genes de fauna, flora, setas y hongos, o de cualquier otro elemento que represente la biodiversidad silvestre del territorio.<\/p>\n<p>El certamen, que en estos a\u00f1os se ha convertido en un referente dentro de los concursos de fotograf\u00eda de naturaleza por la cuant\u00eda de los premios y por el volumen y calidad de fotograf\u00edas presentadas, est\u00e1 abierto a todos los fot\u00f3grafos. Una selecci\u00f3n de las mejores fotograf\u00edas articula una exposici\u00f3n al aire libre en gran formato que recorre Logro\u00f1o y las principales cabeceras de la regi\u00f3n.<\/p>\n<figure id=\"attachment_3314\" aria-describedby=\"caption-attachment-3314\" style=\"width: 3000px\" class=\"wp-caption alignnone\"><img class=\"wp-image-3314 size-full\" src=\"https:\/\/tourmagazinepublicidad.com\/wp-content\/uploads\/2019\/10\/1\u00ba-CarlosGimenez-Saenz_CGS_2.jpg\" alt=\"\" width=\"3000\" height=\"1220\" srcset=\"https:\/\/tourmagazinepublicidad.com\/wp-content\/uploads\/2019\/10\/1\u00ba-CarlosGimenez-Saenz_CGS_2.jpg 3000w, https:\/\/tourmagazinepublicidad.com\/wp-content\/uploads\/2019\/10\/1\u00ba-CarlosGimenez-Saenz_CGS_2-300x122.jpg 300w, https:\/\/tourmagazinepublicidad.com\/wp-content\/uploads\/2019\/10\/1\u00ba-CarlosGimenez-Saenz_CGS_2-768x312.jpg 768w, https:\/\/tourmagazinepublicidad.com\/wp-content\/uploads\/2019\/10\/1\u00ba-CarlosGimenez-Saenz_CGS_2-1024x416.jpg 1024w\" sizes=\"(max-width: 3000px) 100vw, 3000px\" \/><figcaption id=\"caption-attachment-3314\" class=\"wp-caption-text\">Carlos Gim\u00e9nez S\u00e1enz<\/figcaption><\/figure>\n<p>&nbsp;<\/p>\n<p>La fecha l\u00edmite de la pr\u00f3xima edici\u00f3n de este concurso, que reparte 6.300 euros en premios, es 15 de marzo de 2020. M\u00e1s informaci\u00f3n en infonaturalezafoto@larioja.org<\/p>\n<p>&nbsp;<\/p>\n","protected":false},"excerpt":{"rendered":"<p>La naturaleza de La Rioja esconde paisajes de gran belleza que atraen en cualquier momento del a\u00f1o a numerosos aficionados&#8230;<\/p>\n","protected":false},"author":2,"featured_media":3317,"comment_status":"closed","ping_status":"open","sticky":false,"template":"","format":"standard","meta":[],"categories":[1],"tags":[102,134,181],"_links":{"self":[{"href":"https:\/\/tourmagazinepublicidad.com\/es\/wp-json\/wp\/v2\/posts\/3402"}],"collection":[{"href":"https:\/\/tourmagazinepublicidad.com\/es\/wp-json\/wp\/v2\/posts"}],"about":[{"href":"https:\/\/tourmagazinepublicidad.com\/es\/wp-json\/wp\/v2\/types\/post"}],"author":[{"embeddable":true,"href":"https:\/\/tourmagazinepublicidad.com\/es\/wp-json\/wp\/v2\/users\/2"}],"replies":[{"embeddable":true,"href":"https:\/\/tourmagazinepublicidad.com\/es\/wp-json\/wp\/v2\/comments?post=3402"}],"version-history":[{"count":5,"href":"https:\/\/tourmagazinepublicidad.com\/es\/wp-json\/wp\/v2\/posts\/3402\/revisions"}],"predecessor-version":[{"id":3410,"href":"https:\/\/tourmagazinepublicidad.com\/es\/wp-json\/wp\/v2\/posts\/3402\/revisions\/3410"}],"wp:featuredmedia":[{"embeddable":true,"href":"https:\/\/tourmagazinepublicidad.com\/es\/wp-json\/wp\/v2\/media\/3317"}],"wp:attachment":[{"href":"https:\/\/tourmagazinepublicidad.com\/es\/wp-json\/wp\/v2\/media?parent=3402"}],"wp:term":[{"taxonomy":"category","embeddable":true,"href":"https:\/\/tourmagazinepublicidad.com\/es\/wp-json\/wp\/v2\/categories?post=3402"},{"taxonomy":"post_tag","embeddable":true,"href":"https:\/\/tourmagazinepublicidad.com\/es\/wp-json\/wp\/v2\/tags?post=3402"}],"curies":[{"name":"wp","href":"https:\/\/api.w.org\/{rel}","templated":true}]}}