{"id":3433,"date":"2019-12-04T08:59:00","date_gmt":"2019-12-04T08:59:00","guid":{"rendered":"https:\/\/tourmagazinepublicidad.com\/?p=3433"},"modified":"2019-12-04T09:06:07","modified_gmt":"2019-12-04T09:06:07","slug":"logrono-se-eleva-al-cubo","status":"publish","type":"post","link":"https:\/\/tourmagazinepublicidad.com\/es\/logrono-se-eleva-al-cubo\/","title":{"rendered":"Logro\u00f1o se eleva al Cubo"},"content":{"rendered":"<p>Logro\u00f1o era, a principios del siglo XVI, la principal plaza fuerte castellana en la frontera con el reino de Navarra y contaba por ello con un potente recinto defensivo. Entre los a\u00f1os 1522 y 1524, bajo la direcci\u00f3n del maestro cantero Lope de Insturizaga, se levant\u00f3 en la esquina noroccidental de esa muralla el Cubo del Revell\u00edn. Se trataba de un cubo artillero cuya defensa se articulaba alrededor de una triple plataforma formada por la combinaci\u00f3n de un adarve y dos galer\u00edas de tiro con troneras que dominaba su parte del foso de la ciudad. Con el paso de los a\u00f1os, la mayor parte de la muralla desapareci\u00f3. Se conservan escasos elementos. El m\u00e1s potente, el Cubo del Revell\u00edn que constituye un atractivo recurso tur\u00edstico.<\/p>\n<p>El Cubo del Revell\u00edn y su entorno, constituyen sin ninguna duda los sectores mejor conservados de todo lo que fue el recinto amurallado de Logro\u00f1o en el siglo XVI. M\u00e1s all\u00e1 de las casualidades hist\u00f3ricas, sin duda es aqu\u00ed donde se erigieron los elementos defensivos de mayor calidad constructiva. Por su cronolog\u00eda y sus caracter\u00edsticas, el Cubo entra de lleno en lo que los estudiosos han convenido en denominar Fortificaci\u00f3n de Transici\u00f3n, es decir, la fase que media entre los modos arquitect\u00f3nicos medievales y las construcciones a la moderna, adaptadas ya a la entrada en los escenarios de la guerra de asedio de los ca\u00f1ones y armas de creciente potencia de fuego.<\/p>\n<p><img class=\"alignnone size-full wp-image-3434\" src=\"https:\/\/tourmagazinepublicidad.com\/wp-content\/uploads\/2019\/12\/Cubo-del-Revellin_1.jpg\" alt=\"\" width=\"3000\" height=\"2250\" srcset=\"https:\/\/tourmagazinepublicidad.com\/wp-content\/uploads\/2019\/12\/Cubo-del-Revellin_1.jpg 3000w, https:\/\/tourmagazinepublicidad.com\/wp-content\/uploads\/2019\/12\/Cubo-del-Revellin_1-300x225.jpg 300w, https:\/\/tourmagazinepublicidad.com\/wp-content\/uploads\/2019\/12\/Cubo-del-Revellin_1-768x576.jpg 768w, https:\/\/tourmagazinepublicidad.com\/wp-content\/uploads\/2019\/12\/Cubo-del-Revellin_1-1024x768.jpg 1024w\" sizes=\"(max-width: 3000px) 100vw, 3000px\" \/><\/p>\n<p>Con el paso de los siglos, las murallas de Logro\u00f1o sufrieron un gran deterioro, conserv\u00e1ndose actualmente algunos restos aislados de ellas. Sin duda, los m\u00e1s representativos e interesantes corresponden a los paramentos de muralla que se alinean frente al curso del Ebro, la imponente presencia de nuestro cubo artillero y la adyacente Puerta del Camino, ornamentada con los escudos del emperador Carlos V y de la ciudad.<\/p>\n<p>La ins\u00f3lita preservaci\u00f3n del Cubo y de la Puerta del Camino no s\u00f3lo es consecuencia de su solidez constructiva, muy superior a la del resto del antiguo recinto fortificado, sino que est\u00e1 relacionada con los factores que guiaron el desarrollo urban\u00edstico de la ciudad en el siglo XIX. Al permanecer esta zona perif\u00e9rica bajo jurisdicci\u00f3n militar, los principales ejes de expansi\u00f3n urbana sortearon las dotaciones all\u00ed ubicadas, que se vieron as\u00ed libres de la fren\u00e9tica acci\u00f3n constructiva que vivi\u00f3 el Logro\u00f1o del cambio de siglo.<\/p>\n<p><strong><img class=\"alignnone size-full wp-image-3437\" src=\"https:\/\/tourmagazinepublicidad.com\/wp-content\/uploads\/2019\/12\/Cubo-del-Revellin_2.jpg\" alt=\"\" width=\"3000\" height=\"1992\" srcset=\"https:\/\/tourmagazinepublicidad.com\/wp-content\/uploads\/2019\/12\/Cubo-del-Revellin_2.jpg 3000w, https:\/\/tourmagazinepublicidad.com\/wp-content\/uploads\/2019\/12\/Cubo-del-Revellin_2-300x199.jpg 300w, https:\/\/tourmagazinepublicidad.com\/wp-content\/uploads\/2019\/12\/Cubo-del-Revellin_2-768x510.jpg 768w, https:\/\/tourmagazinepublicidad.com\/wp-content\/uploads\/2019\/12\/Cubo-del-Revellin_2-1024x680.jpg 1024w\" sizes=\"(max-width: 3000px) 100vw, 3000px\" \/><\/strong><\/p>\n<p><strong>Adi\u00f3s a la muralla<\/strong><\/p>\n<p>A pesar de ello, no se puede decir que el Cubo del Revell\u00edn permaneciera indemne. Una vez se produjo la demolici\u00f3n del pa\u00f1o amurallado inmediato, en 1884 fue construido un front\u00f3n en su lateral oriental, transformado en cine en el a\u00f1o 1940. A\u00fan m\u00e1s, en 1952 fue construido un edificio de viviendas sobre la misma estructura del Cubo. Su fisonom\u00eda actual es la consecuencia del proyecto de rehabilitaci\u00f3n que fue llevado a cabo por el Ayuntamiento de Logro\u00f1o en el a\u00f1o 2006. Hoy en d\u00eda este edificio de origen militar, que explica buena parte de la historia de Logro\u00f1o, constituye un magn\u00edfico recurso tur\u00edstico visitable. Un gran testigo de la memoria de la importancia de la ciudad.<\/p>\n<p>&nbsp;<\/p>\n<p>Mediante reserva en el tel\u00e9fono 941 503 116, en el mail cubodelrevellin@logro-o.org o en el propio Cubo. Pueden ser en ingl\u00e9s o franc\u00e9s.<\/p>\n<p>Todas las visitas, tanto las libres como las guiadas, son gratuitas<\/p>\n","protected":false},"excerpt":{"rendered":"<p>Logro\u00f1o era, a principios del siglo XVI, la principal plaza fuerte castellana en la frontera con el reino de Navarra&#8230;<\/p>\n","protected":false},"author":2,"featured_media":3444,"comment_status":"closed","ping_status":"open","sticky":false,"template":"","format":"standard","meta":[],"categories":[1],"tags":[102,134,258],"_links":{"self":[{"href":"https:\/\/tourmagazinepublicidad.com\/es\/wp-json\/wp\/v2\/posts\/3433"}],"collection":[{"href":"https:\/\/tourmagazinepublicidad.com\/es\/wp-json\/wp\/v2\/posts"}],"about":[{"href":"https:\/\/tourmagazinepublicidad.com\/es\/wp-json\/wp\/v2\/types\/post"}],"author":[{"embeddable":true,"href":"https:\/\/tourmagazinepublicidad.com\/es\/wp-json\/wp\/v2\/users\/2"}],"replies":[{"embeddable":true,"href":"https:\/\/tourmagazinepublicidad.com\/es\/wp-json\/wp\/v2\/comments?post=3433"}],"version-history":[{"count":3,"href":"https:\/\/tourmagazinepublicidad.com\/es\/wp-json\/wp\/v2\/posts\/3433\/revisions"}],"predecessor-version":[{"id":3449,"href":"https:\/\/tourmagazinepublicidad.com\/es\/wp-json\/wp\/v2\/posts\/3433\/revisions\/3449"}],"wp:featuredmedia":[{"embeddable":true,"href":"https:\/\/tourmagazinepublicidad.com\/es\/wp-json\/wp\/v2\/media\/3444"}],"wp:attachment":[{"href":"https:\/\/tourmagazinepublicidad.com\/es\/wp-json\/wp\/v2\/media?parent=3433"}],"wp:term":[{"taxonomy":"category","embeddable":true,"href":"https:\/\/tourmagazinepublicidad.com\/es\/wp-json\/wp\/v2\/categories?post=3433"},{"taxonomy":"post_tag","embeddable":true,"href":"https:\/\/tourmagazinepublicidad.com\/es\/wp-json\/wp\/v2\/tags?post=3433"}],"curies":[{"name":"wp","href":"https:\/\/api.w.org\/{rel}","templated":true}]}}