{"id":3209,"date":"2019-09-04T08:04:38","date_gmt":"2019-09-04T08:04:38","guid":{"rendered":"https:\/\/tourmagazinepublicidad.com\/?p=3209"},"modified":"2019-09-04T08:04:38","modified_gmt":"2019-09-04T08:04:38","slug":"la-rioja-etapa-reina","status":"publish","type":"post","link":"https:\/\/tourmagazinepublicidad.com\/eu\/la-rioja-etapa-reina\/","title":{"rendered":"La  Rioja,  etapa  reina"},"content":{"rendered":"<p>Eurovelo  es  una  red  de  quince  rutas  cicloturistas  de  larga  distancia  que  conectan  y  unen  toda  Europa.  Para  muchos,  una  nueva  forma  de  viajar  m\u00e1s  sostenible  y  saludable.  Dos  de  estos  trayectos  atraviesan  La  Rioja,  una  regi\u00f3n  con  alma  rural,  paisajes  despampanantes  y  distancias  muy  asequibles.  Apenas  unos  kil\u00f3metros  separan  el  barrio  con  m\u00e1s  bodegas  centenarias  del  mundo  (La  Estaci\u00f3n,  en  Haro)  y  los  monasterios  de  Suso  y  Yuso,  cuna  del  castellano  y  Patrimonio  de  la  Humanidad.<\/p>\n<p>La  Rioja  aparece  en  el  mapa  cicloturista  europeo  como  etapa  reina  del  enoturismo,  la  gastronom\u00eda,  la  diversidad  natural,  la  historia  y  las  tradiciones.  Es  garant\u00eda  de  autenticidad  y  satisfacci\u00f3n.  Aqu\u00ed  abundan  los  alojamientos  rurales  y  los  planes  alternativos.  Y  cualquier  \u00e9poca  del  a\u00f1o  en  la  tierra  con  nombre  de  vino  es  buena  pedaleando  entre  vi\u00f1edos,  peregrinos  y  monumentos  hist\u00f3ricos.<\/p>\n<p>Eurovelo  1,  o  \u2018Ruta  de  la  Costa  Atl\u00e1ntica\u2019,  alcanza  La  Rioja  a  trav\u00e9s  de  Logro\u00f1o,  siguiendo  el  Camino  de  Santiago  franc\u00e9s,  y  contempla  vi\u00f1as  hasta  llegar  a  Navarrete.  Es  el  cuadro  habitual  de  una  cultura  enraizada  en  la  naturaleza  y  en  sus  gentes,  y  de  una  tradici\u00f3n  con  fama  mundial.<\/p>\n<p><img class=\"alignnone size-full wp-image-3145\" src=\"https:\/\/tourmagazinepublicidad.com\/wp-content\/uploads\/2019\/07\/Ruta-bicicleta-montan\u0303a.jpg\" alt=\"\" width=\"3000\" height=\"2000\" srcset=\"https:\/\/tourmagazinepublicidad.com\/wp-content\/uploads\/2019\/07\/Ruta-bicicleta-montan\u0303a.jpg 3000w, https:\/\/tourmagazinepublicidad.com\/wp-content\/uploads\/2019\/07\/Ruta-bicicleta-montan\u0303a-300x200.jpg 300w, https:\/\/tourmagazinepublicidad.com\/wp-content\/uploads\/2019\/07\/Ruta-bicicleta-montan\u0303a-768x512.jpg 768w, https:\/\/tourmagazinepublicidad.com\/wp-content\/uploads\/2019\/07\/Ruta-bicicleta-montan\u0303a-1024x683.jpg 1024w\" sizes=\"(max-width: 3000px) 100vw, 3000px\" \/><\/p>\n<p>Pedaladas  entre  vides  encuentran  destino  en  Ventosa  y,  despu\u00e9s,  en  N\u00e1jera,  cuna  de  Reyes  y  centro  del  reino  medieval  N\u00e1jera-Pamplona.  La  ruta  se  adentra  en  caminos  agr\u00edcolas.  Se  presentan  Azofra,  Alesanco,  Cordov\u00edn  y  Badar\u00e1n,  donde  vuelven  a  brillar  los  frutos  orgullosos  del  terru\u00f1o  y  emerge  imponente  la  Sierra  de  la  Demanda.<\/p>\n<p>El  recorrido  contin\u00faa  hacia  Berceo  y  respira  en  San  Mill\u00e1n  de  la  Cogolla,  lugar  en  el  que  se  incub\u00f3  el  castellano,  y  pr\u00f3spero  centro  cultural  durante  la  Alta  Edad  Media.  Los  monasterios  de  Suso  y  Yuso  son  testimonio  de  tiempos  florecientes.  Saluda  tambi\u00e9n  Ca\u00f1as,  que  guarda  una  joya  arquitect\u00f3nica,  el  Monasterio  de  Santa  Mar\u00eda  de  San  Salvador,  del  siglo  XIII.<\/p>\n<p>Los  campos  cubren  el  horizonte  en  Manzanares,  Gallinero  de  Rioja  y  Santo  Domingo  de  la  Calzada,  parada  obligada  para  cualquier  peregrino  por  su  importancia  hist\u00f3rica  y  patrimonial.  La  localidad  calceatense  celebra  en  2019,  desde  el  25  de  abril  hasta  el  12  de  enero  de  2020,  su  A\u00f1o  Jubilar  en  honor  del  santo  fundador,  que  naci\u00f3  hace  mil  a\u00f1os.<\/p>\n<p>Entre  carreteras  secundarias,  viven  Corporales  y  Morales.  Un  relieve  suave  y  ondulado  encumbra  la  ermita  de  Carrasquedo,  un  oasis  natural  en  el  camino.  Desde  Gra\u00f1\u00f3n,  se  avista  ya  Castilla  y  Le\u00f3n,  por  donde  contin\u00faa  la  ruta  m\u00e1s  all\u00e1  de  La  Rioja.<\/p>\n<p>El  trazado  atraviesa  ocho  pa\u00edses  durante  m\u00e1s  de  ocho  mil  kil\u00f3metros:  las  costas  marinas  m\u00e1s  salvajes  de  Noruega  o  Irlanda,  el  Atl\u00e1ntico  brit\u00e1nico  y  franc\u00e9s,  los  paisajes  meridionales  del  interior  de  Espa\u00f1a  y  el  litoral  del  Algarve  portugu\u00e9s.<\/p>\n<p>En  esta  Comunidad  Aut\u00f3noma,  que  es  tierra  con  nombre  de  vino  y  cruce  de  caminos,  tambi\u00e9n  transcurre  Eurovelo  3,  o  \u2018Ruta  de  los  Peregrinos\u2019.  Se  trata  de  un  viaje  de  m\u00e1s  de  cinco  mil  kil\u00f3metros  desde  Trondheim  hasta  Santiago  de  Compostela,  pasando  por  Suecia,  Dinamarca,  Alemania,  B\u00e9lgica  y  Francia.  Cuando  atraviesa  La  Rioja,  nuestros  paisajes  y  municipios  adquieren  protagonismo  entre  viajeros  de  todo  el  mundo.<\/p>\n<p><img class=\"alignnone size-full wp-image-3142\" src=\"https:\/\/tourmagazinepublicidad.com\/wp-content\/uploads\/2019\/07\/Cicloturistas-en-Logrono.jpg\" alt=\"\" width=\"3000\" height=\"1996\" srcset=\"https:\/\/tourmagazinepublicidad.com\/wp-content\/uploads\/2019\/07\/Cicloturistas-en-Logrono.jpg 3000w, https:\/\/tourmagazinepublicidad.com\/wp-content\/uploads\/2019\/07\/Cicloturistas-en-Logrono-300x200.jpg 300w, https:\/\/tourmagazinepublicidad.com\/wp-content\/uploads\/2019\/07\/Cicloturistas-en-Logrono-768x511.jpg 768w, https:\/\/tourmagazinepublicidad.com\/wp-content\/uploads\/2019\/07\/Cicloturistas-en-Logrono-1024x681.jpg 1024w\" sizes=\"(max-width: 3000px) 100vw, 3000px\" \/><\/p>\n<p>Ruta  Eurovelo  1  (Cabo  Norte-Sagres)  y  Ruta  Eurovelo  3  (Trondheim-Santiago  de  Compostela)  a  su  paso  por  La  Rioja:  Logro\u00f1o,  Navarrete,  Ventosa,  N\u00e1jera,  Azofra,  Alesanco,  Cordov\u00edn,  Badar\u00e1n,  Berceo,  San  Mill\u00e1n  de  la  Cogolla,  Ca\u00f1as,  Manzanares,  Gallinero  de  Rioja,  Santo  Domingo  de  la  Calzada,  Corporales,  Morales  y  Gra\u00f1\u00f3n.<\/p>\n","protected":false},"excerpt":{"rendered":"<p>Eurovelo  es  una  red  de  quince  rutas  cicloturistas  de  larga  distancia  que  conectan  y  unen  toda  Europa.  Para  muchos,  una&#8230;<\/p>\n","protected":false},"author":2,"featured_media":3142,"comment_status":"open","ping_status":"open","sticky":false,"template":"","format":"standard","meta":[],"categories":[3],"tags":[102,117,134],"_links":{"self":[{"href":"https:\/\/tourmagazinepublicidad.com\/eu\/wp-json\/wp\/v2\/posts\/3209"}],"collection":[{"href":"https:\/\/tourmagazinepublicidad.com\/eu\/wp-json\/wp\/v2\/posts"}],"about":[{"href":"https:\/\/tourmagazinepublicidad.com\/eu\/wp-json\/wp\/v2\/types\/post"}],"author":[{"embeddable":true,"href":"https:\/\/tourmagazinepublicidad.com\/eu\/wp-json\/wp\/v2\/users\/2"}],"replies":[{"embeddable":true,"href":"https:\/\/tourmagazinepublicidad.com\/eu\/wp-json\/wp\/v2\/comments?post=3209"}],"version-history":[{"count":3,"href":"https:\/\/tourmagazinepublicidad.com\/eu\/wp-json\/wp\/v2\/posts\/3209\/revisions"}],"predecessor-version":[{"id":3212,"href":"https:\/\/tourmagazinepublicidad.com\/eu\/wp-json\/wp\/v2\/posts\/3209\/revisions\/3212"}],"wp:featuredmedia":[{"embeddable":true,"href":"https:\/\/tourmagazinepublicidad.com\/eu\/wp-json\/wp\/v2\/media\/3142"}],"wp:attachment":[{"href":"https:\/\/tourmagazinepublicidad.com\/eu\/wp-json\/wp\/v2\/media?parent=3209"}],"wp:term":[{"taxonomy":"category","embeddable":true,"href":"https:\/\/tourmagazinepublicidad.com\/eu\/wp-json\/wp\/v2\/categories?post=3209"},{"taxonomy":"post_tag","embeddable":true,"href":"https:\/\/tourmagazinepublicidad.com\/eu\/wp-json\/wp\/v2\/tags?post=3209"}],"curies":[{"name":"wp","href":"https:\/\/api.w.org\/{rel}","templated":true}]}}