{"id":4278,"date":"2021-03-16T12:30:00","date_gmt":"2021-03-16T12:30:00","guid":{"rendered":"https:\/\/tourmagazinepublicidad.com\/?p=4278"},"modified":"2021-03-16T12:30:00","modified_gmt":"2021-03-16T12:30:00","slug":"la-compleja-instalacion-de-la-materia-del-tiempo","status":"publish","type":"post","link":"https:\/\/tourmagazinepublicidad.com\/eu\/la-compleja-instalacion-de-la-materia-del-tiempo\/","title":{"rendered":"La  compleja  instalaci\u00f3n  de  &#8216;La  materia  del  tiempo&#8217;"},"content":{"rendered":"<p><img class=\"alignnone size-large wp-image-4279\" src=\"https:\/\/tourmagazinepublicidad.com\/wp-content\/uploads\/2021\/03\/montaje-obra-materia-tiempo-guggenheim-bilbao-museoa-1024x681.jpg\" alt=\"\" width=\"1024\" height=\"681\" srcset=\"https:\/\/tourmagazinepublicidad.com\/wp-content\/uploads\/2021\/03\/montaje-obra-materia-tiempo-guggenheim-bilbao-museoa-1024x681.jpg 1024w, https:\/\/tourmagazinepublicidad.com\/wp-content\/uploads\/2021\/03\/montaje-obra-materia-tiempo-guggenheim-bilbao-museoa-300x199.jpg 300w, https:\/\/tourmagazinepublicidad.com\/wp-content\/uploads\/2021\/03\/montaje-obra-materia-tiempo-guggenheim-bilbao-museoa-768x511.jpg 768w, https:\/\/tourmagazinepublicidad.com\/wp-content\/uploads\/2021\/03\/montaje-obra-materia-tiempo-guggenheim-bilbao-museoa.jpg 1417w\" sizes=\"(max-width: 1024px) 100vw, 1024px\" \/><\/p>\n<p><strong>Han  pasado  16  a\u00f1os  desde  que  el  primer  visitante  se  deslumbr\u00f3  al  asomarse  al  balc\u00f3n  de  la  primera  planta  del  Museo  Gueggenheim  Bilbao  y  ver,  desde  arriba  y  en  una  enorme  sala  blanca  de  m\u00e1s  de  3.000  metros  cuadrados,  las  distinta  piezas  de  hierro  que  componen  &#8216;La  materia  del  tiempo&#8217;  (The  Matter  of  Time,  1994\u20132005)  de  Richard  Serra  (San  Francisco,  EEUU,  1939).  Pero  para  llegar  hasta  ah\u00ed,  el  proceso  fue  complejo  y  laborioso.  S\u00f3lo  un  dato:  pieza  m\u00e1s  ligera  pesa  44  toneladas  y  la  m\u00e1s  pesada  276.<\/strong><\/p>\n<p>&nbsp;<\/p>\n<p>Lo  que  hoy  nos  parece  algo  ya  intr\u00ednsico,  propio  y  familiar  del  museo,  empez\u00f3  a  gestarse  en  el  a\u00f1o  2002,  cuando  un  grupo  de  trabajo  formado  por  conservadores  y  directivos  del  Museo  Guggenheim  Bilbao  y  de  la  Fundaci\u00f3n  Guggenheim  presentaron  una  propuesta  para  ubicar  de  forma  permanente,  en  la  sala  104,  una  instalaci\u00f3n  de  grandes  proporciones.<\/p>\n<p>Una  de  las  posibilidades  era  encargar  para  este  espacio  una  obra  que  fuera  de  gran  escala  y  ambici\u00f3n.  Inspirados  en  la  exposici\u00f3n  que  en  1999  el  Museo  Guggenheim  Bilbao  dedic\u00f3  a  las  Torsiones  el\u00edpticas  de  Serra,  y  en  la  que  la  sala  se  mostraba  en  todo  su  potencial,  Thomas  Krens,  Director  de  la  Fundaci\u00f3n  Guggenheim  y  Juan  Ignacio  Vidarte,  Director  General  del  Museo  Guggenheim  Bilbao,  iniciaron  conversaciones  con  Serra  y  le  invitaron  a  considerar  el  proyecto.  El  artista  present\u00f3  una  propuesta  pormenorizada  en  octubre  de  2003,  que  se  aprobar\u00eda  en  febrero  de  2004.<\/p>\n<p>Para  ello  el  artista  realiz\u00f3  un  estudio  exhaustivo  previo  de  los  principios  estructurales  del  material  en  relaci\u00f3n  al  peso  y  a  la  masa,  para  poder  llegar  a  una  tensi\u00f3n  extrema  en  sus  obras.  Estas  obras  nos  sit\u00faan  en  el  punto  ambiguo,  donde  el  peso  se  hace  ligero.  La  enorme  masa,  a  pesar  de  ser  pesada,  se  muestra  liviana.  Serra  consigui\u00f3  transformar  unas  enormes  planchas  de  acero  &#8211;  todas  tienen  m\u00e1s  de  cuatro  metros  de  alto  y  unos  cinco  cent\u00edmetros  de  grosor  &#8211;  en  algo  que  parece  flotar.<\/p>\n<p>Trabaj\u00f3  en  una  ferrer\u00eda<\/p>\n<p>Educado  dentro  de  una  familia  de  clase  obrera  y  trabajador  \u00e9l  mismo,  en  su  juventud,  en\u00a0  diferentes  ferrer\u00edas  para  pagarse  los  estudios  cuando  el  arte  a\u00fan  no  le  daba  para  vivir,  Richard  Serra  realiz\u00f3  esta  composici\u00f3n  en  acero  auto-oxidable,  que,  con  el  paso  del  tiempo  y  que,  por  expreso  deseo  de  su  autor,  ha  ido  oxid\u00e1ndose  y  cambiando  de  color  hasta  adquirir  el  color  \u00e1mbar  permanente  que  puede  verse  en  la  actualidad.<\/p>\n<p>El  t\u00edtulo  de  \u201cLa  materia  del  tiempo\u201d  responde,  seg\u00fan  Serra,  a  la  idea  de  temporalidades  m\u00faltiples  o  estratificadas,  seg\u00fan  el  experimento  de  cada  visitante  con  las  piezas.  &#8220;La  experiencia  es  \u00edntima,  privada,  psicol\u00f3gica,  est\u00e9tica,  pero  tambi\u00e9n  externa,  social  y  p\u00fablica.  El  arte  se  centra  en  la  experiencia  vital  a  trav\u00e9s  de  las  piezas.  Se  basa  en  andar  y  mirar,  entrar  y  atravesar  el  espacio  que  genera  la  instalaci\u00f3n&#8221;.<\/p>\n<p>&nbsp;<\/p>\n<p><img class=\"alignnone size-large wp-image-4285\" src=\"https:\/\/tourmagazinepublicidad.com\/wp-content\/uploads\/2021\/03\/creacion-piezas-materia-tiempo-guggenheim-bilbao-museoa-1-1024x729.jpg\" alt=\"\" width=\"1024\" height=\"729\" srcset=\"https:\/\/tourmagazinepublicidad.com\/wp-content\/uploads\/2021\/03\/creacion-piezas-materia-tiempo-guggenheim-bilbao-museoa-1-1024x729.jpg 1024w, https:\/\/tourmagazinepublicidad.com\/wp-content\/uploads\/2021\/03\/creacion-piezas-materia-tiempo-guggenheim-bilbao-museoa-1-300x214.jpg 300w, https:\/\/tourmagazinepublicidad.com\/wp-content\/uploads\/2021\/03\/creacion-piezas-materia-tiempo-guggenheim-bilbao-museoa-1-768x547.jpg 768w\" sizes=\"(max-width: 1024px) 100vw, 1024px\" \/><\/p>\n<p>Instalaci\u00f3n  laboriosa<\/p>\n<p>Las  piezas  llegaron  a  Bilbao  desde  Alemania  en  grandes  trailers,  posteriormente  fueron  introducidas  en  el  museo  y  se  procedi\u00f3  a  la  instalaci\u00f3n  de  las  grandes  piezas  en  la  galer\u00eda.  Una  vez  que  llagaron  al  museo  y  a  la  sala  en  la  que  iban  a  ser  instaladas,  por  medio  de  gr\u00faas,  izaron  las  piezas,  se  retiraron  los  sistemas  de  hovercraft  y  se  posaron  las  piezas  en  su  ubicaci\u00f3n  definitiva.<\/p>\n<p>Para  ello  utilizaron  un  sistema,  patentado  por  la  acer\u00eda  alemana  de  Siegen  en  la  que  se  construyeron,  basado  en  la  utilizaci\u00f3n  de  aire  comprimido.  Por  medio  de  un  compresor  y  unas  mangueras,  lanzaron  grandes  cantidades  de  aire  comprimido  a  unas  peque\u00f1as  planchas,  elevaron  las  piezas  en  el  aire  y  de  esta  forma  consiguieron  que  las  planchas  se  pudieran  transportar,  sencillamente,  con  unos  operadores  empuj\u00e1ndolas.<\/p>\n<p>Espacio  en  movimiento<\/p>\n<p>En  la  obra  de  Serra  las  esferas  generan  diferentes  efectos  en  el  movimiento  y  la  percepci\u00f3n  del  espectador.  Estas  se  transforman  de  forma  inesperada  a  medida  que  el  visitante  las  recorre  y  las  rodea,  creando  una  vertiginosa  e  inolvidable  sensaci\u00f3n  de  espacio  en  movimiento.  La  totalidad  de  la  sala  es  parte  del  campo  escultural:  como  ocurre  en  otras  de  sus  esculturas  compuestas  por  muchas  piezas,  el  artista  organiza  las  obras  con  determinaci\u00f3n  para  mover  al  espectador  a  trav\u00e9s  de  ellas  y  del  espacio  que  las  rodea.  La  distribuci\u00f3n  de  las  obras  a  lo  largo  de  la  galer\u00eda  crea  pasillos  de  diferentes  proporciones  (anchos,  estrechos,  alargados,  comprimidos,  altos,  bajos)  y  siempre  imprevistos.<\/p>\n<p>www.guggenheim-bilbao.eus<\/p>\n","protected":false},"excerpt":{"rendered":"<p>Han  pasado  16  a\u00f1os  desde  que  el  primer  visitante  se  deslumbr\u00f3  al  asomarse  al  balc\u00f3n  de  la  primera  planta  del&#8230;<\/p>\n","protected":false},"author":2,"featured_media":4279,"comment_status":"closed","ping_status":"open","sticky":false,"template":"","format":"standard","meta":[],"categories":[297,302,303],"tags":[],"_links":{"self":[{"href":"https:\/\/tourmagazinepublicidad.com\/eu\/wp-json\/wp\/v2\/posts\/4278"}],"collection":[{"href":"https:\/\/tourmagazinepublicidad.com\/eu\/wp-json\/wp\/v2\/posts"}],"about":[{"href":"https:\/\/tourmagazinepublicidad.com\/eu\/wp-json\/wp\/v2\/types\/post"}],"author":[{"embeddable":true,"href":"https:\/\/tourmagazinepublicidad.com\/eu\/wp-json\/wp\/v2\/users\/2"}],"replies":[{"embeddable":true,"href":"https:\/\/tourmagazinepublicidad.com\/eu\/wp-json\/wp\/v2\/comments?post=4278"}],"version-history":[{"count":1,"href":"https:\/\/tourmagazinepublicidad.com\/eu\/wp-json\/wp\/v2\/posts\/4278\/revisions"}],"predecessor-version":[{"id":4288,"href":"https:\/\/tourmagazinepublicidad.com\/eu\/wp-json\/wp\/v2\/posts\/4278\/revisions\/4288"}],"wp:featuredmedia":[{"embeddable":true,"href":"https:\/\/tourmagazinepublicidad.com\/eu\/wp-json\/wp\/v2\/media\/4279"}],"wp:attachment":[{"href":"https:\/\/tourmagazinepublicidad.com\/eu\/wp-json\/wp\/v2\/media?parent=4278"}],"wp:term":[{"taxonomy":"category","embeddable":true,"href":"https:\/\/tourmagazinepublicidad.com\/eu\/wp-json\/wp\/v2\/categories?post=4278"},{"taxonomy":"post_tag","embeddable":true,"href":"https:\/\/tourmagazinepublicidad.com\/eu\/wp-json\/wp\/v2\/tags?post=4278"}],"curies":[{"name":"wp","href":"https:\/\/api.w.org\/{rel}","templated":true}]}}