{"id":4381,"date":"2021-04-07T09:59:38","date_gmt":"2021-04-07T09:59:38","guid":{"rendered":"https:\/\/tourmagazinepublicidad.com\/?p=4381"},"modified":"2021-04-07T09:59:38","modified_gmt":"2021-04-07T09:59:38","slug":"txotx-el-inicio-de-la-temporada-de-sidra","status":"publish","type":"post","link":"https:\/\/tourmagazinepublicidad.com\/eu\/txotx-el-inicio-de-la-temporada-de-sidra\/","title":{"rendered":"Txotx,  el  inicio  de  la  temporada  de  sidra"},"content":{"rendered":"<h4>Como  es  habitual  en  estas  fechas,  al  grito  de  \u201cHauxe  da  gure  sagardo  berria,  topa  denoi!\u201d,  el  pasado  24  de  marzo  fue  oficialmente  inaugurada  la  temporada  de  sidrer\u00edas,  una  temporada  at\u00edpica  pero  en  la  que  la  calidad  de  la  sidra,  la  gastronom\u00eda  y  el  buen  ambiente  de  las  sidrer\u00edas  siguen  siendo  su  gran  referencia.<\/h4>\n<p><img class=\"alignnone size-large wp-image-4382\" src=\"https:\/\/tourmagazinepublicidad.com\/wp-content\/uploads\/2021\/04\/14882618746_ca2498caf1_5k-1024x680.jpg\" alt=\"\" width=\"1024\" height=\"680\" srcset=\"https:\/\/tourmagazinepublicidad.com\/wp-content\/uploads\/2021\/04\/14882618746_ca2498caf1_5k-1024x680.jpg 1024w, https:\/\/tourmagazinepublicidad.com\/wp-content\/uploads\/2021\/04\/14882618746_ca2498caf1_5k-300x199.jpg 300w, https:\/\/tourmagazinepublicidad.com\/wp-content\/uploads\/2021\/04\/14882618746_ca2498caf1_5k-768x510.jpg 768w\" sizes=\"(max-width: 1024px) 100vw, 1024px\" \/><\/p>\n<p>En  esta  edici\u00f3n  el  encargado  de  hacerlo  fue  Ander  Gonz\u00e1lez,  cocinero  y  presentador  del  programa  \u00abA  bocados\u00bb  de  la  ETB  (televisi\u00f3n  vasca)  qui\u00e9n  tras  el  Txotx  de  rigor  destac\u00f3  la  evoluci\u00f3n  del  mundo  de  la  sidra.  \u00abHemos  visto  que  se  han  unido,  ahora  para  nosotros  las  sidrer\u00edas  son  un  sector  referente:  han  cuidado  el  producto,  han  modificado  la  botella  para  adecuarse  al  consumo  de  casa\u2026\u00bb.<\/p>\n<p>Unai  Agirre,  coordinador  de  la  Denominaci\u00f3n  de  Origen  Euskal  Sagardoa,  definido  la  sidra  de  este  a\u00f1o  \u201ces  de  gran  car\u00e1cter  y  cuerpo,  con  color  amarillento  y  toques  a  fruta.  Una  sidra  de  gran  complejidad  y  algo  m\u00e1s  de  alcohol\u00bb.  Tambi\u00e9n  ha  ofrecido  los  datos  de  esta  cosecha,  con  una  producci\u00f3n  de  unos  8  millones  de  litros,  alrededor  de  2  con  manzana  local  y  unos  1,2  millones  bajo  la  Denominaci\u00f3n  de  Origen  Euskal  Sagardoa.<\/p>\n<p>El  Consejero  de  Turismo,  Comercio  y  Consumo,  Javier  Hurtado,  en  su  intervenci\u00f3n,  record\u00f3  que,  hasta  la  llegada  de  la  pandemia,  el  sector  tur\u00edstico  vasco  crec\u00eda  de  manera  sostenida.  Por  primera  vez,  en  la  cuenta  sat\u00e9lite  del  turismo  del  2019,  se  alcanz\u00f3  la  cifra  de  5.000  millones  de  euros  de  gasto  tur\u00edstico  y  una  participaci\u00f3n  del  6,4%  en  el  PIB  de  Euskadi.  En  el  caso  de  Giuzkoa  un  8%,  en  cifras  de  r\u00e9cord.<\/p>\n<p>La  actual  situaci\u00f3n  coyuntural  refuerza  la  tarea  de  su  Departamento,  que  se  centra  en  acompa\u00f1ar  al  sector  para  que  Euskadi  no  deje  de  ser  el  referente  en  competitividad  y  sostenibilidad  tur\u00edstica.<\/p>\n<p><a href=\"http:\/\/www.euskalsagardoa.eus\">www.euskalsagardoa.eus<\/a><\/p>\n","protected":false},"excerpt":{"rendered":"<p>Como  es  habitual  en  estas  fechas,  al  grito  de  \u201cHauxe  da  gure  sagardo  berria,  topa  denoi!\u201d,  el  pasado  24  de&#8230;<\/p>\n","protected":false},"author":2,"featured_media":4382,"comment_status":"closed","ping_status":"open","sticky":false,"template":"","format":"standard","meta":[],"categories":[311,323],"tags":[],"_links":{"self":[{"href":"https:\/\/tourmagazinepublicidad.com\/eu\/wp-json\/wp\/v2\/posts\/4381"}],"collection":[{"href":"https:\/\/tourmagazinepublicidad.com\/eu\/wp-json\/wp\/v2\/posts"}],"about":[{"href":"https:\/\/tourmagazinepublicidad.com\/eu\/wp-json\/wp\/v2\/types\/post"}],"author":[{"embeddable":true,"href":"https:\/\/tourmagazinepublicidad.com\/eu\/wp-json\/wp\/v2\/users\/2"}],"replies":[{"embeddable":true,"href":"https:\/\/tourmagazinepublicidad.com\/eu\/wp-json\/wp\/v2\/comments?post=4381"}],"version-history":[{"count":1,"href":"https:\/\/tourmagazinepublicidad.com\/eu\/wp-json\/wp\/v2\/posts\/4381\/revisions"}],"predecessor-version":[{"id":4388,"href":"https:\/\/tourmagazinepublicidad.com\/eu\/wp-json\/wp\/v2\/posts\/4381\/revisions\/4388"}],"wp:featuredmedia":[{"embeddable":true,"href":"https:\/\/tourmagazinepublicidad.com\/eu\/wp-json\/wp\/v2\/media\/4382"}],"wp:attachment":[{"href":"https:\/\/tourmagazinepublicidad.com\/eu\/wp-json\/wp\/v2\/media?parent=4381"}],"wp:term":[{"taxonomy":"category","embeddable":true,"href":"https:\/\/tourmagazinepublicidad.com\/eu\/wp-json\/wp\/v2\/categories?post=4381"},{"taxonomy":"post_tag","embeddable":true,"href":"https:\/\/tourmagazinepublicidad.com\/eu\/wp-json\/wp\/v2\/tags?post=4381"}],"curies":[{"name":"wp","href":"https:\/\/api.w.org\/{rel}","templated":true}]}}