{"id":4391,"date":"2021-04-07T10:49:34","date_gmt":"2021-04-07T10:49:34","guid":{"rendered":"https:\/\/tourmagazinepublicidad.com\/?p=4391"},"modified":"2021-04-07T10:49:34","modified_gmt":"2021-04-07T10:49:34","slug":"garazi-sanchez-objetivo-tokio","status":"publish","type":"post","link":"https:\/\/tourmagazinepublicidad.com\/eu\/garazi-sanchez-objetivo-tokio\/","title":{"rendered":"Garazi  S\u00e1nchez,  Objetivo  Tokio"},"content":{"rendered":"<h4>D\u00edas  antes  de  partir  hacia  las  pruebas  clasificatorias  de  la  olimpiada  de  Tokyo,  la  surfista  Garazi  S\u00e1nchez  nos  cuenta,  para  la  versi\u00f3n  papel  de  <a href=\"https:\/\/tourmagazinepublicidad.com\/es\/\" data-cke-saved-href=\"https:\/\/tourmagazinepublicidad.com\/es\/\">Tour  Magazine<\/a>,  sus  sensaciones  ante  la  gran  cita  y  repasa  su  trayectoria  sobre  las  olas.<\/h4>\n<p><img class=\"alignnone size-large wp-image-4392\" src=\"https:\/\/tourmagazinepublicidad.com\/wp-content\/uploads\/2021\/04\/PHOTO-2021-03-09-11-06-20-1024x682.jpg\" alt=\"\" width=\"1024\" height=\"682\" srcset=\"https:\/\/tourmagazinepublicidad.com\/wp-content\/uploads\/2021\/04\/PHOTO-2021-03-09-11-06-20-1024x682.jpg 1024w, https:\/\/tourmagazinepublicidad.com\/wp-content\/uploads\/2021\/04\/PHOTO-2021-03-09-11-06-20-300x200.jpg 300w, https:\/\/tourmagazinepublicidad.com\/wp-content\/uploads\/2021\/04\/PHOTO-2021-03-09-11-06-20-768x512.jpg 768w, https:\/\/tourmagazinepublicidad.com\/wp-content\/uploads\/2021\/04\/PHOTO-2021-03-09-11-06-20.jpg 1600w\" sizes=\"(max-width: 1024px) 100vw, 1024px\" \/><\/p>\n<p>Posiblemente  cuando  se  publique  esta  entrevista  Garazi  S\u00e1nchez  (Algorta,  1992)  estar\u00e1  surfeando  en  El  Salvador,  compitiendo  para  lograr  su  gran  objetivo,  participaren  los  Juegos  Ol\u00edmpicos  de  Tokio.  A  los  7  a\u00f1os  empez\u00f3  a  practicar  el  surf  con  una  tabla  que  le  dej\u00f3  su  hermano,  en  la  playa  de  Laga,  Bizkaia.  Hoy,  adem\u00e1s  de  estudiar  Empresariales,  ser  imagen  de  diferentes  marcas  y  producir  documentales,  esta  apasionada  de  la  naturaleza,  se  sigue  emocionando  cuando  ve  tantas  ni\u00f1as,  chicas  y  madres  practicando  su  gran  pasi\u00f3n  sobre  las  olas.<\/p>\n<p><strong>\u00bfQu\u00e9  sensaciones  tiene  de  cara  al  campeonato  clasificatorio?<\/strong><\/p>\n<p>Las  sensaciones  son  buenas  pero  se  clasifican  tres  personas  por  cada  pa\u00eds  y  eso  no  es  f\u00e1cil.  Pero  si  muy  motivante.  Con  los  resultados  de  otros  a\u00f1os,  este  a\u00f1o  hubiese  estado  clasificada.  Mi  objetivo  es  prepararme  bien  y  hacer  el  mejor  resultado,  aunque  todo  se  decide  en  un  solo  campeonato.  Lo  que  est\u00e1  en  mi  mano  es  estar  lo  mejor  preparada  posible.<\/p>\n<p><strong>En  este  a\u00f1o  tan  complejo,  \u00bfC\u00f3mo  se  prepara  una  para  una  Olimpiada?<\/strong><\/p>\n<p>Hay  fases  en  las  que  te  preparas  m\u00e1s  lo  t\u00e9cnico  pero,  seg\u00fan  se  acerca  un  campeonato,  trabajas  m\u00e1s  la  estrategia  y  la  toma  de  decisiones.  Decisiones  que  te  ayudan  a  superar  el  estr\u00e9s,  una  decisi\u00f3n  en  un  segundo  marca  la  balanza.  El  objetivo  es  que  esa  decisi\u00f3n  se  tome  desde  la  serenidad  y  no  desde  el  miedo.  Tambi\u00e9n  es  importante  que  no  se  te  olvide  lo  normal,  lo  que  llevas  haciendo  bien  desde  hace  a\u00f1os.  Elegir  entre  una  ola  buena  y  una  mala,  por  ejemplo.<\/p>\n<p><strong>\u00bfC\u00f3mo  ha  llevado  el  no  poder  participar  en  campeonatos,  ni  poder  viajar  con  normalidad?<\/strong><\/p>\n<p>Dentro  de  lo  at\u00edpico  de  la  situaci\u00f3n,  tambi\u00e9n  he  tenido  momentos  muy  bonitos.  Por  ejemplo,  el  volver  a  surfear  aqu\u00ed,  cerca  de  casa  y  poder  reencontrar  rincones  que  hac\u00eda  muchos  a\u00f1os  que  no  visitaba.  Ha  sido  incre\u00edble.<\/p>\n<p><strong>Para  qui\u00e9n  acaba  de  llegar  a  Euskadi  a  surfear,  \u00bfQu\u00e9  le  recomendar\u00eda?<\/strong><\/p>\n<p>Creo  que  tenemos  mucha  suerte  ya  que  aqu\u00ed  tenemos  olas  para  todos  los  niveles.  Hay  que  entrar  al  agua  con  respeto  y  dejarse  aconsejar  por  quienes  llevan  a\u00f1os  en  estas  playas  y  conocen  bien  las  mareas.  Te  ayudar\u00e1n  a  sentirte  c\u00f3modo.  Adem\u00e1s,  las  olas  en  estas  fechas  empiezan  a  ser  bonitas  y  los  d\u00edas  m\u00e1s  largos  y  soleados.<\/p>\n<p>Para  m\u00ed  lo  m\u00e1s  bonito  de  nuestra  costa  son  los  acantilados,  ver  los  montes  verdes  desde  el  agua  y  disfrutar  de  una  naturaleza  que  se  ha  protegido  mucho,  algo  que,  por  desgracia,  no  ocurre  en  muchos  sitios.<\/p>\n<p><strong><img class=\"alignnone size-large wp-image-4395\" src=\"https:\/\/tourmagazinepublicidad.com\/wp-content\/uploads\/2021\/04\/PHOTO-2021-03-08-13-47-03-978x1024.jpg\" alt=\"\" width=\"978\" height=\"1024\" srcset=\"https:\/\/tourmagazinepublicidad.com\/wp-content\/uploads\/2021\/04\/PHOTO-2021-03-08-13-47-03-978x1024.jpg 978w, https:\/\/tourmagazinepublicidad.com\/wp-content\/uploads\/2021\/04\/PHOTO-2021-03-08-13-47-03-286x300.jpg 286w, https:\/\/tourmagazinepublicidad.com\/wp-content\/uploads\/2021\/04\/PHOTO-2021-03-08-13-47-03-768x804.jpg 768w, https:\/\/tourmagazinepublicidad.com\/wp-content\/uploads\/2021\/04\/PHOTO-2021-03-08-13-47-03.jpg 1061w\" sizes=\"(max-width: 978px) 100vw, 978px\" \/><\/strong><\/p>\n<p><strong>Por  su  profesi\u00f3n  viaja  constantemente.  \u00bfQu\u00e9  le  han  portado  los  viajes?<\/strong><\/p>\n<p>Ser  consciente  de  lo  privilegiados  que  somos  por  d\u00f3nde  vivimos,  eso  lo  primero.  Descubres  tambi\u00e9n  otras  maneras  de  vivir,  te  das  cuenta  de  que  no  somos  tan  importantes,  relativizas\u2026  Aplicas  otras  cosas  nuevas  a  tu  manera  de  ser.  El  viajar  y  ver  muchos  lugares  diferentes  me  ha  permitido  poder  elegir  y  eso  es  muy  importante.  De  cada  viaje  vienes  como  una  persona  diferente.<\/p>\n<p><strong>Hace  tres  a\u00f1os  sufri\u00f3  un  accidente  mientras  surfeaba  que  casi  le  deja  paral\u00edtica.  Con  la  perspectiva  que  da  el  tiempo,\u00a0  \u00bfQu\u00e9  ha  quedado  de  todo  aquello?<\/strong><\/p>\n<p>El  accidente  fue  una  buena  lecci\u00f3n  de  vida.  Soy  m\u00e1s  fuerte  de  lo  que  cre\u00eda.  Me  ayud\u00f3  a  creer  en  m\u00ed  en  momentos  en  los  que  los  m\u00e9dicos  dudaban.  Me  ha  dado  fuerza  para  ver  la  vida  de  esa  manera.  Creo  que  la  lesi\u00f3n  me  ha  hecho  mejor  deportista  y  mejor  persona.  M\u00e1s  disciplinada  y  tambi\u00e9n  me  ha  ayudado  a  establecer  una  relaci\u00f3n  m\u00e1s  sana  con  el  deporte.<\/p>\n<p><strong>\u00bfC\u00f3mo  recuerda  sus  inicios  en  el  surf?<\/strong><\/p>\n<p>Yo  era  muy  inquieta  de  peque\u00f1a  y  mis  padres  me  dejaron  desarrollar  esa  inquietud  practicando  surf.  Lo  hac\u00eda  con  mis  hermanos,  en  esa  \u00e9poca  no  hab\u00eda  material  para  chicas  pero,  con  una  tabla  que  me  dejaron,  empec\u00e9  a  coger  olas  en  la  playa  de  Laga.  Me  ayud\u00f3  a  encontrar  la  paz  y  la  serenidad.  Ahora  hay  muchas  ni\u00f1as,  chicas  y  madres\u00a0  surfeando  y  eso  me  encanta.  Aunque  todav\u00eda  hay  cierto  sentimiento  de  que  el  surf  es  cosa  de  chicos,  creo  que  se  avanza  en  la  buena  direcci\u00f3n.<\/p>\n<p><strong>Adem\u00e1s  de  coger  olas,  \u00bfA  qu\u00e9  se  dedica  cuando  sale  del  agua?<\/strong><\/p>\n<p>Estudio  Empresariales  y  aunque  por  las  olimpiadas  lo  he  aparcado  un  poco,  me  queda  un  a\u00f1o  para  acabar  la  carrera.  Estudiar  me  permite  tener  los  pies  en  la  tierra  aunque,  por  los  viajes,  lo  hago  a  distancia.  Como  soy  muy  inquieta,  durante  la  recuperaci\u00f3n  de  una  lesi\u00f3n  tambi\u00e9n  he  producido  un  documental.  En  general,  necesito  apasionarme  con  lo  que  hago  y  disfruto  de  los  procesos,  no  s\u00f3lo  al  conseguir  el  objetivo.<\/p>\n","protected":false},"excerpt":{"rendered":"<p>D\u00edas  antes  de  partir  hacia  las  pruebas  clasificatorias  de  la  olimpiada  de  Tokyo,  la  surfista  Garazi  S\u00e1nchez  nos  cuenta,  para&#8230;<\/p>\n","protected":false},"author":2,"featured_media":4392,"comment_status":"closed","ping_status":"open","sticky":false,"template":"","format":"standard","meta":[],"categories":[302,322,326],"tags":[],"_links":{"self":[{"href":"https:\/\/tourmagazinepublicidad.com\/eu\/wp-json\/wp\/v2\/posts\/4391"}],"collection":[{"href":"https:\/\/tourmagazinepublicidad.com\/eu\/wp-json\/wp\/v2\/posts"}],"about":[{"href":"https:\/\/tourmagazinepublicidad.com\/eu\/wp-json\/wp\/v2\/types\/post"}],"author":[{"embeddable":true,"href":"https:\/\/tourmagazinepublicidad.com\/eu\/wp-json\/wp\/v2\/users\/2"}],"replies":[{"embeddable":true,"href":"https:\/\/tourmagazinepublicidad.com\/eu\/wp-json\/wp\/v2\/comments?post=4391"}],"version-history":[{"count":2,"href":"https:\/\/tourmagazinepublicidad.com\/eu\/wp-json\/wp\/v2\/posts\/4391\/revisions"}],"predecessor-version":[{"id":4402,"href":"https:\/\/tourmagazinepublicidad.com\/eu\/wp-json\/wp\/v2\/posts\/4391\/revisions\/4402"}],"wp:featuredmedia":[{"embeddable":true,"href":"https:\/\/tourmagazinepublicidad.com\/eu\/wp-json\/wp\/v2\/media\/4392"}],"wp:attachment":[{"href":"https:\/\/tourmagazinepublicidad.com\/eu\/wp-json\/wp\/v2\/media?parent=4391"}],"wp:term":[{"taxonomy":"category","embeddable":true,"href":"https:\/\/tourmagazinepublicidad.com\/eu\/wp-json\/wp\/v2\/categories?post=4391"},{"taxonomy":"post_tag","embeddable":true,"href":"https:\/\/tourmagazinepublicidad.com\/eu\/wp-json\/wp\/v2\/tags?post=4391"}],"curies":[{"name":"wp","href":"https:\/\/api.w.org\/{rel}","templated":true}]}}