{"id":896,"date":"2018-01-10T20:38:28","date_gmt":"2018-01-10T20:38:28","guid":{"rendered":"https:\/\/tourmagazinepublicidad.com\/?p=896"},"modified":"2018-03-07T10:08:06","modified_gmt":"2018-03-07T10:08:06","slug":"sara-o-el-encanto-del-pais-vasco-frances","status":"publish","type":"post","link":"https:\/\/tourmagazinepublicidad.com\/eu\/sara-o-el-encanto-del-pais-vasco-frances\/","title":{"rendered":"SARA  O  EL  ENCANTO  DEL  PA\u00cdS  VASCO  FRANC\u00c9S"},"content":{"rendered":"<p><img class=\"alignnone size-full wp-image-908\" src=\"https:\/\/tourmagazinepublicidad.com\/wp-content\/uploads\/2018\/01\/post04_img01-2.jpg\" alt=\"\" width=\"1920\" height=\"1080\" srcset=\"https:\/\/tourmagazinepublicidad.com\/wp-content\/uploads\/2018\/01\/post04_img01-2.jpg 1920w, https:\/\/tourmagazinepublicidad.com\/wp-content\/uploads\/2018\/01\/post04_img01-2-300x169.jpg 300w, https:\/\/tourmagazinepublicidad.com\/wp-content\/uploads\/2018\/01\/post04_img01-2-768x432.jpg 768w, https:\/\/tourmagazinepublicidad.com\/wp-content\/uploads\/2018\/01\/post04_img01-2-1024x576.jpg 1024w\" sizes=\"(max-width: 1920px) 100vw, 1920px\" \/><\/p>\n<p>&nbsp;<\/p>\n<p>Dice  un  viejo  proverbio  vasco  que  <em>\u201cEn  Sara,  el  tiempo  se  detiene\u201d<\/em>.  Quiz\u00e1s  porque  sus  archivos  hist\u00f3ricos  fueron  quemados  durante  la  Revoluci\u00f3n  Francesa,  el  misterio  se  adue\u00f1a  de  los  or\u00edgenes  de  este  pueblo,  situado  al  pie  de  la  m\u00edtica  cima  de  Larun  (905m)  y  al  que  el  viento  acerca  el  olor  a  salitre  del  cercano  mar  Cant\u00e1brico.<\/p>\n<p>Catalogado  como  uno  de  \u201clos  pueblos  m\u00e1s  bonitos  de  Francia\u201d,  ha  atra\u00eddo  desde  anta\u00f1o  a  personas  vinculadas  a  las  artes  y  las  letras.  Entre  los  personajes  que  residieron  o  visitaron  Sara  destacan  Napole\u00f3n  III  y  su  esposa  la  emperatriz  Eugenia  de  Montijo,  Winston  Churchill  o  Luis  Mariano.  Aunque  se  reivindican  con  cari\u00f1o  las  figuras  del  cura-escritor  Axular  y  del  Padre  Jos\u00e9  Miguel  Barandiar\u00e1n,  el  m\u00e1s  notable  etn\u00f3grafo  vasco,  que  trabaj\u00f3  en  la  recuperaci\u00f3n  de  la  historia  local.<\/p>\n<p>Sara  ha  sabido  conservar  el  encanto  de  su  n\u00facleo  urbano,  la  hospitalidad  de  una  comunidad  tradicional  y  los  valores  de  su  patrimonio  natural.  Los  senderos  de  descubrimiento  del  hermoso  robledal,  los  sistemas  multimedia  en  las  m\u00edticas  cuevas  o  el  funicular  al  monte  Larrun  -incomparable  mirador  de  la  costa  vasca-  convierten  a  Sara  en  una  visita  realmente  recomendable.<\/p>\n<p><img class=\"alignnone size-full wp-image-911\" src=\"https:\/\/tourmagazinepublicidad.com\/wp-content\/uploads\/2018\/01\/post04_img02.jpg\" alt=\"\" width=\"1920\" height=\"1080\" srcset=\"https:\/\/tourmagazinepublicidad.com\/wp-content\/uploads\/2018\/01\/post04_img02.jpg 1920w, https:\/\/tourmagazinepublicidad.com\/wp-content\/uploads\/2018\/01\/post04_img02-300x169.jpg 300w, https:\/\/tourmagazinepublicidad.com\/wp-content\/uploads\/2018\/01\/post04_img02-768x432.jpg 768w, https:\/\/tourmagazinepublicidad.com\/wp-content\/uploads\/2018\/01\/post04_img02-1024x576.jpg 1024w\" sizes=\"(max-width: 1920px) 100vw, 1920px\" \/><\/p>\n<h5>Casco  Urbano<\/h5>\n<p>La  principal  calle  de  Sara  est\u00e1  declarada  Conjunto  Monumental  por  la  belleza  y  conservaci\u00f3n  de  la  tipolog\u00eda  arquitect\u00f3nica  labortana.  Partiendo  de  la  plaza  frente  al  front\u00f3n  se  sit\u00faan  el  ayuntamiento  porticado,  la  Iglesia  de  San  Mart\u00edn  y  varios  edificios  de  inter\u00e9s,  muchos  de  ellos  con  placas  conmemorativas  o  alusivas  a  habitantes  ilustres  o  destacados.  El  visitante  puede  disfrutar  de  su  amplia  oferta  hostelera  y  comercial.<\/p>\n<p>&nbsp;<\/p>\n<p><img class=\"alignnone size-full wp-image-917\" src=\"https:\/\/tourmagazinepublicidad.com\/wp-content\/uploads\/2018\/01\/post04_img03-1.jpg\" alt=\"\" width=\"1920\" height=\"1080\" srcset=\"https:\/\/tourmagazinepublicidad.com\/wp-content\/uploads\/2018\/01\/post04_img03-1.jpg 1920w, https:\/\/tourmagazinepublicidad.com\/wp-content\/uploads\/2018\/01\/post04_img03-1-300x169.jpg 300w, https:\/\/tourmagazinepublicidad.com\/wp-content\/uploads\/2018\/01\/post04_img03-1-768x432.jpg 768w, https:\/\/tourmagazinepublicidad.com\/wp-content\/uploads\/2018\/01\/post04_img03-1-1024x576.jpg 1024w\" sizes=\"(max-width: 1920px) 100vw, 1920px\" \/><\/p>\n<p>&nbsp;<\/p>\n<h5>El  tren  de  Larrun<\/h5>\n<p>Este  vistoso  tren  tur\u00edstico  se  puso  en  marcha  en  1923,  tras  d\u00e9cadas  de  planes  y  obras.  Hoy  en  d\u00eda  es  uno  de  los  tres  trenes  de  cremallera  que  se  conservan  en  Francia.  Durante  su  historia  ha  sido  modernizado  y  sus  servicios  ampliados  pero  los  trenes  guardan  el  aspecto  y  el  sabor  de  los  de  anta\u00f1o.  M\u00e1s  de  350.000  personas  lo  utilizan  para  subir  a  Larrun  y  contemplar  desde  este  privilegiado  mirador  el  mar  Cant\u00e1brico  y  los  montes  vascos.  El  trayecto  dura  30  minutos  en  tren  aunque  hay  gente  que  opta  por  subir  y\/o  bajar  a  pie.  En  la  cima  hay  todo  tipo  de  servicios  para  disfrutar  de  una  agradable  jornada.<\/p>\n","protected":false},"excerpt":{"rendered":"<p>&nbsp;  Dice  un  viejo  proverbio  vasco  que  \u201cEn  Sara,  el  tiempo  se  detiene\u201d.  Quiz\u00e1s  porque  sus  archivos  hist\u00f3ricos  fueron  quemados&#8230;<\/p>\n","protected":false},"author":2,"featured_media":908,"comment_status":"open","ping_status":"open","sticky":false,"template":"","format":"standard","meta":[],"categories":[3],"tags":[32,41,42],"_links":{"self":[{"href":"https:\/\/tourmagazinepublicidad.com\/eu\/wp-json\/wp\/v2\/posts\/896"}],"collection":[{"href":"https:\/\/tourmagazinepublicidad.com\/eu\/wp-json\/wp\/v2\/posts"}],"about":[{"href":"https:\/\/tourmagazinepublicidad.com\/eu\/wp-json\/wp\/v2\/types\/post"}],"author":[{"embeddable":true,"href":"https:\/\/tourmagazinepublicidad.com\/eu\/wp-json\/wp\/v2\/users\/2"}],"replies":[{"embeddable":true,"href":"https:\/\/tourmagazinepublicidad.com\/eu\/wp-json\/wp\/v2\/comments?post=896"}],"version-history":[{"count":3,"href":"https:\/\/tourmagazinepublicidad.com\/eu\/wp-json\/wp\/v2\/posts\/896\/revisions"}],"predecessor-version":[{"id":1938,"href":"https:\/\/tourmagazinepublicidad.com\/eu\/wp-json\/wp\/v2\/posts\/896\/revisions\/1938"}],"wp:featuredmedia":[{"embeddable":true,"href":"https:\/\/tourmagazinepublicidad.com\/eu\/wp-json\/wp\/v2\/media\/908"}],"wp:attachment":[{"href":"https:\/\/tourmagazinepublicidad.com\/eu\/wp-json\/wp\/v2\/media?parent=896"}],"wp:term":[{"taxonomy":"category","embeddable":true,"href":"https:\/\/tourmagazinepublicidad.com\/eu\/wp-json\/wp\/v2\/categories?post=896"},{"taxonomy":"post_tag","embeddable":true,"href":"https:\/\/tourmagazinepublicidad.com\/eu\/wp-json\/wp\/v2\/tags?post=896"}],"curies":[{"name":"wp","href":"https:\/\/api.w.org\/{rel}","templated":true}]}}